{"id":4969,"date":"2025-04-10T21:23:56","date_gmt":"2025-04-11T00:23:56","guid":{"rendered":"https:\/\/noticiasregionais.com.br\/?p=4969"},"modified":"2025-04-10T21:23:59","modified_gmt":"2025-04-11T00:23:59","slug":"tor-apreende-perfumes-importados-ilegalmente-na-sp-327-em-santa-cruz-do-rio-pardo","status":"publish","type":"post","link":"https:\/\/noticiasregionais.com.br\/?p=4969","title":{"rendered":"TOR apreende perfumes importados ilegalmente na SP-327 em Santa Cruz do Rio Pardo"},"content":{"rendered":"\n<p>Na manh\u00e3 desta quinta-feira (10), durante a <strong>Opera\u00e7\u00e3o Impacto<\/strong>, policiais militares rodovi\u00e1rios realizaram uma importante apreens\u00e3o de mercadorias oriundas do Paraguai sem documenta\u00e7\u00e3o fiscal v\u00e1lida. A a\u00e7\u00e3o aconteceu no <strong>km 14 da Rodovia Orlando Quagliato (SP-327)<\/strong>, no munic\u00edpio de <strong>Santa Cruz do Rio Pardo\/SP<\/strong>.<\/p>\n\n\n\n<p>Durante abordagem a um <strong>Hyundai HB20<\/strong> com tr\u00eas ocupantes \u2014 o condutor e dois passageiros \u2014, os policiais encontraram <strong>158 frascos de perfumes importados<\/strong>, de diversas marcas, armazenados tanto no interior quanto no porta-malas do ve\u00edculo.<\/p>\n\n\n\n<p>Avaliada em cerca de <strong>R$ 33.650,00<\/strong>, a carga foi considerada produto de <strong>descaminho<\/strong>, pr\u00e1tica ilegal caracterizada pela importa\u00e7\u00e3o de bens sem o pagamento dos devidos tributos.<\/p>\n\n\n\n<p>A ocorr\u00eancia foi apresentada \u00e0 <strong>Receita Federal de Bauru\/SP<\/strong>, que realizou o <strong>lacre e a apreens\u00e3o da mercadoria<\/strong>. Os envolvidos, que <strong>n\u00e3o possu\u00edam antecedentes criminais<\/strong>, foram liberados, assim como o ve\u00edculo, permanecendo apenas os produtos retidos para investiga\u00e7\u00e3o e procedimentos fiscais.<\/p>\n\n\n\n<p>A Pol\u00edcia Militar Rodovi\u00e1ria refor\u00e7a seu compromisso com o combate \u00e0 criminalidade nas rodovias paulistas.<br><strong>Pol\u00edcia Militar, rumo aos 200 anos! Vamos todos juntos. Ningu\u00e9m fica para tr\u00e1s.<\/strong><\/p>\n<input type=\"hidden\" id=\"baseurl\" value=\"https:\/\/noticiasregionais.com.br\"><input type=\"hidden\" id=\"audio_nonce\" value=\"3cdc555a10\">","protected":false},"excerpt":{"rendered":"<p>Na manh\u00e3 desta quinta-feira (10), durante a Opera\u00e7\u00e3o Impacto, policiais militares rodovi\u00e1rios realizaram uma importante apreens\u00e3o de mercadorias oriundas do&hellip;<\/p>\n","protected":false},"author":1,"featured_media":4970,"comment_status":"closed","ping_status":"open","sticky":false,"template":"","format":"standard","meta":{"sfsi_plus_gutenberg_text_before_share":"","sfsi_plus_gutenberg_show_text_before_share":"","sfsi_plus_gutenberg_icon_type":"","sfsi_plus_gutenberg_icon_alignemt":"","sfsi_plus_gutenburg_max_per_row":"","footnotes":""},"categories":[6,10,1],"tags":[17],"class_list":["post-4969","post","type-post","status-publish","format-standard","has-post-thumbnail","hentry","category-sao_paulo","category-destaques","category-noticias","tag-santa_cruz"],"_links":{"self":[{"href":"https:\/\/noticiasregionais.com.br\/index.php?rest_route=\/wp\/v2\/posts\/4969","targetHints":{"allow":["GET"]}}],"collection":[{"href":"https:\/\/noticiasregionais.com.br\/index.php?rest_route=\/wp\/v2\/posts"}],"about":[{"href":"https:\/\/noticiasregionais.com.br\/index.php?rest_route=\/wp\/v2\/types\/post"}],"author":[{"embeddable":true,"href":"https:\/\/noticiasregionais.com.br\/index.php?rest_route=\/wp\/v2\/users\/1"}],"replies":[{"embeddable":true,"href":"https:\/\/noticiasregionais.com.br\/index.php?rest_route=%2Fwp%2Fv2%2Fcomments&post=4969"}],"version-history":[{"count":1,"href":"https:\/\/noticiasregionais.com.br\/index.php?rest_route=\/wp\/v2\/posts\/4969\/revisions"}],"predecessor-version":[{"id":4971,"href":"https:\/\/noticiasregionais.com.br\/index.php?rest_route=\/wp\/v2\/posts\/4969\/revisions\/4971"}],"wp:featuredmedia":[{"embeddable":true,"href":"https:\/\/noticiasregionais.com.br\/index.php?rest_route=\/wp\/v2\/media\/4970"}],"wp:attachment":[{"href":"https:\/\/noticiasregionais.com.br\/index.php?rest_route=%2Fwp%2Fv2%2Fmedia&parent=4969"}],"wp:term":[{"taxonomy":"category","embeddable":true,"href":"https:\/\/noticiasregionais.com.br\/index.php?rest_route=%2Fwp%2Fv2%2Fcategories&post=4969"},{"taxonomy":"post_tag","embeddable":true,"href":"https:\/\/noticiasregionais.com.br\/index.php?rest_route=%2Fwp%2Fv2%2Ftags&post=4969"}],"curies":[{"name":"wp","href":"https:\/\/api.w.org\/{rel}","templated":true}]}}