{"id":4972,"date":"2025-04-14T07:41:16","date_gmt":"2025-04-14T10:41:16","guid":{"rendered":"https:\/\/noticiasregionais.com.br\/?p=4972"},"modified":"2025-04-14T08:24:22","modified_gmt":"2025-04-14T11:24:22","slug":"traficante-e-preso-pela-pre-com-mais-de-2-toneladas-de-maconha-em-palmital","status":"publish","type":"post","link":"https:\/\/noticiasregionais.com.br\/?p=4972","title":{"rendered":"Traficante \u00e9 preso pela PRE com mais de 2 toneladas de maconha em Palmital"},"content":{"rendered":"\n<p><strong>Palmital (SP)<\/strong> \u2013 Durante uma fiscaliza\u00e7\u00e3o de rotina na <strong>Rodovia Raposo Tavares (SP-270), km 420<\/strong>, no s\u00e1bado (12), por volta das 17h30, a <strong>Pol\u00edcia Militar Rodovi\u00e1ria<\/strong> prendeu um homem que transportava <strong>mais de 2,4 toneladas de maconha<\/strong> escondidas em meio a uma carga de carne su\u00edna congelada. A apreens\u00e3o aconteceu durante a <strong>Opera\u00e7\u00e3o Impacto<\/strong>.<\/p>\n\n\n\n<h3 class=\"wp-block-heading\">O que foi apreendido<\/h3>\n\n\n\n<p>O caminh\u00e3o ba\u00fa frigor\u00edfico, modelo <strong>M.B Atego 2425<\/strong>, estava carregado com uma carga de su\u00ednos congelados. Ao realizarem a vistoria, os policiais encontraram:<\/p>\n\n\n\n<ul class=\"wp-block-list\">\n<li><strong>2.432,850 kg de maconha<\/strong>;<\/li>\n\n\n\n<li><strong>72 medicamentos de uso controlado para fins est\u00e9ticos<\/strong>;<\/li>\n\n\n\n<li><strong>1.500 ma\u00e7os de cigarros contrabandeados<\/strong>;<\/li>\n\n\n\n<li><strong>60 armas de Airsoft<\/strong>;<\/li>\n\n\n\n<li><strong>50 acess\u00f3rios para Airsoft<\/strong>;<\/li>\n\n\n\n<li><strong>2 celulares da marca Xiaomi<\/strong>;<\/li>\n\n\n\n<li><strong>1.000 baterias para celulares<\/strong>.<\/li>\n<\/ul>\n\n\n\n<h3 class=\"wp-block-heading\">Pris\u00e3o em flagrante<\/h3>\n\n\n\n<p>O motorista do ve\u00edculo foi preso em flagrante e levado \u00e0 <strong>Delegacia da Pol\u00edcia Federal de Mar\u00edlia (SP)<\/strong>, onde permaneceu detido. Toda a droga, os produtos ilegais e o caminh\u00e3o foram apreendidos.<\/p>\n\n\n\n<p>A opera\u00e7\u00e3o faz parte do esfor\u00e7o cont\u00ednuo da <strong>Pol\u00edcia Militar Rodovi\u00e1ria de S\u00e3o Paulo<\/strong> no combate ao tr\u00e1fico de drogas e ao contrabando nas rodovias estaduais.<\/p>\n<input type=\"hidden\" id=\"baseurl\" value=\"https:\/\/noticiasregionais.com.br\"><input type=\"hidden\" id=\"audio_nonce\" value=\"533fbb67b1\">","protected":false},"excerpt":{"rendered":"<p>Palmital (SP) \u2013 Durante uma fiscaliza\u00e7\u00e3o de rotina na Rodovia Raposo Tavares (SP-270), km 420, no s\u00e1bado (12), por volta&hellip;<\/p>\n","protected":false},"author":1,"featured_media":4973,"comment_status":"closed","ping_status":"open","sticky":false,"template":"","format":"standard","meta":{"sfsi_plus_gutenberg_text_before_share":"","sfsi_plus_gutenberg_show_text_before_share":"","sfsi_plus_gutenberg_icon_type":"","sfsi_plus_gutenberg_icon_alignemt":"","sfsi_plus_gutenburg_max_per_row":"","footnotes":""},"categories":[6,10,1],"tags":[27],"class_list":["post-4972","post","type-post","status-publish","format-standard","has-post-thumbnail","hentry","category-sao_paulo","category-destaques","category-noticias","tag-palmital"],"_links":{"self":[{"href":"https:\/\/noticiasregionais.com.br\/index.php?rest_route=\/wp\/v2\/posts\/4972","targetHints":{"allow":["GET"]}}],"collection":[{"href":"https:\/\/noticiasregionais.com.br\/index.php?rest_route=\/wp\/v2\/posts"}],"about":[{"href":"https:\/\/noticiasregionais.com.br\/index.php?rest_route=\/wp\/v2\/types\/post"}],"author":[{"embeddable":true,"href":"https:\/\/noticiasregionais.com.br\/index.php?rest_route=\/wp\/v2\/users\/1"}],"replies":[{"embeddable":true,"href":"https:\/\/noticiasregionais.com.br\/index.php?rest_route=%2Fwp%2Fv2%2Fcomments&post=4972"}],"version-history":[{"count":1,"href":"https:\/\/noticiasregionais.com.br\/index.php?rest_route=\/wp\/v2\/posts\/4972\/revisions"}],"predecessor-version":[{"id":4974,"href":"https:\/\/noticiasregionais.com.br\/index.php?rest_route=\/wp\/v2\/posts\/4972\/revisions\/4974"}],"wp:featuredmedia":[{"embeddable":true,"href":"https:\/\/noticiasregionais.com.br\/index.php?rest_route=\/wp\/v2\/media\/4973"}],"wp:attachment":[{"href":"https:\/\/noticiasregionais.com.br\/index.php?rest_route=%2Fwp%2Fv2%2Fmedia&parent=4972"}],"wp:term":[{"taxonomy":"category","embeddable":true,"href":"https:\/\/noticiasregionais.com.br\/index.php?rest_route=%2Fwp%2Fv2%2Fcategories&post=4972"},{"taxonomy":"post_tag","embeddable":true,"href":"https:\/\/noticiasregionais.com.br\/index.php?rest_route=%2Fwp%2Fv2%2Ftags&post=4972"}],"curies":[{"name":"wp","href":"https:\/\/api.w.org\/{rel}","templated":true}]}}