{"id":4975,"date":"2025-04-14T08:00:43","date_gmt":"2025-04-14T11:00:43","guid":{"rendered":"https:\/\/noticiasregionais.com.br\/?p=4975"},"modified":"2025-04-14T08:00:46","modified_gmt":"2025-04-14T11:00:46","slug":"jovem-e-preso-com-quase-3-mil-porcoes-de-cocaina-e-arma-de-fogo","status":"publish","type":"post","link":"https:\/\/noticiasregionais.com.br\/?p=4975","title":{"rendered":"Jovem \u00e9 preso com quase 3 mil por\u00e7\u00f5es de coca\u00edna e arma de fogo"},"content":{"rendered":"\n<p><strong>Bauru (SP)<\/strong> \u2013 Um homem de 22 anos foi preso na noite deste s\u00e1bado (12), no bairro Jaragu\u00e1, por tr\u00e1fico de drogas e posse irregular de arma de fogo. A pris\u00e3o foi realizada por uma equipe do <strong>13\u00ba Batalh\u00e3o de A\u00e7\u00f5es Especiais de Pol\u00edcia (BAEP)<\/strong> durante patrulhamento na <strong>Rua Marcelino Granha<\/strong>, regi\u00e3o j\u00e1 conhecida por den\u00fancias relacionadas ao tr\u00e1fico.<\/p>\n\n\n\n<h3 class=\"wp-block-heading\">Abordagem e suspeita<\/h3>\n\n\n\n<p>O suspeito, que j\u00e1 possu\u00eda antecedentes criminais pelo mesmo delito, foi abordado por volta das <strong>18h55<\/strong>. Na revista pessoal, os policiais encontraram apenas <strong>R$ 450,00<\/strong> em esp\u00e9cie. Questionado sobre seus documentos, ele afirmou que estavam em casa e permitiu que os agentes o acompanhassem at\u00e9 o local, com a autoriza\u00e7\u00e3o tamb\u00e9m da m\u00e3e.<\/p>\n\n\n\n<h3 class=\"wp-block-heading\">Contradi\u00e7\u00e3o chamou aten\u00e7\u00e3o<\/h3>\n\n\n\n<p>Durante a visita \u00e0 resid\u00eancia, uma contradi\u00e7\u00e3o entre as informa\u00e7\u00f5es do suspeito e da m\u00e3e despertou a aten\u00e7\u00e3o da equipe. Enquanto o jovem dizia dormir na sala, a m\u00e3e indicou um c\u00f4modo nos fundos como sendo o quarto dele. Diante disso, os policiais decidiram averiguar o espa\u00e7o.<\/p>\n\n\n\n<h3 class=\"wp-block-heading\">Grande quantidade de drogas e arma apreendidas<\/h3>\n\n\n\n<p>No quarto indicado, foi encontrado um <strong>saco preto contendo 2.980 por\u00e7\u00f5es de coca\u00edna<\/strong>, <strong>260 por\u00e7\u00f5es de crack<\/strong>, <strong>uma por\u00e7\u00e3o maior de coca\u00edna bruta<\/strong> e uma <strong>balan\u00e7a de precis\u00e3o<\/strong>. J\u00e1 na sala, dentro de um sof\u00e1, foi localizado um <strong>rev\u00f3lver calibre .38<\/strong> com <strong>seis muni\u00e7\u00f5es intactas<\/strong>.<\/p>\n\n\n\n<h3 class=\"wp-block-heading\">Confiss\u00e3o e pris\u00e3o<\/h3>\n\n\n\n<p>O rapaz confessou ser o dono de toda a droga e da arma. Ele declarou que a m\u00e3e n\u00e3o tinha conhecimento de sua atividade criminosa. O caso foi apresentado no <strong>Plant\u00e3o Policial de Bauru<\/strong>, onde o suspeito permaneceu preso e \u00e0 disposi\u00e7\u00e3o da Justi\u00e7a.<\/p>\n\n\n\n<figure class=\"wp-block-image size-large\"><img decoding=\"async\" width=\"829\" height=\"1024\" src=\"https:\/\/noticiasregionais.com.br\/wp-content\/uploads\/2025\/04\/WhatsApp-Image-2025-04-13-at-14.06.26-829x1024.jpeg\" alt=\"\" class=\"wp-image-4976\" srcset=\"https:\/\/noticiasregionais.com.br\/wp-content\/uploads\/2025\/04\/WhatsApp-Image-2025-04-13-at-14.06.26-829x1024.jpeg 829w, https:\/\/noticiasregionais.com.br\/wp-content\/uploads\/2025\/04\/WhatsApp-Image-2025-04-13-at-14.06.26-243x300.jpeg 243w, https:\/\/noticiasregionais.com.br\/wp-content\/uploads\/2025\/04\/WhatsApp-Image-2025-04-13-at-14.06.26-768x948.jpeg 768w, https:\/\/noticiasregionais.com.br\/wp-content\/uploads\/2025\/04\/WhatsApp-Image-2025-04-13-at-14.06.26.jpeg 1078w\" sizes=\"(max-width: 829px) 100vw, 829px\" \/><\/figure>\n<input type=\"hidden\" id=\"baseurl\" value=\"https:\/\/noticiasregionais.com.br\"><input type=\"hidden\" id=\"audio_nonce\" value=\"533fbb67b1\">","protected":false},"excerpt":{"rendered":"<p>Bauru (SP) \u2013 Um homem de 22 anos foi preso na noite deste s\u00e1bado (12), no bairro Jaragu\u00e1, por tr\u00e1fico&hellip;<\/p>\n","protected":false},"author":1,"featured_media":4977,"comment_status":"closed","ping_status":"open","sticky":false,"template":"","format":"standard","meta":{"sfsi_plus_gutenberg_text_before_share":"","sfsi_plus_gutenberg_show_text_before_share":"","sfsi_plus_gutenberg_icon_type":"","sfsi_plus_gutenberg_icon_alignemt":"","sfsi_plus_gutenburg_max_per_row":"","footnotes":""},"categories":[6,10,1],"tags":[40],"class_list":["post-4975","post","type-post","status-publish","format-standard","has-post-thumbnail","hentry","category-sao_paulo","category-destaques","category-noticias","tag-bauru"],"_links":{"self":[{"href":"https:\/\/noticiasregionais.com.br\/index.php?rest_route=\/wp\/v2\/posts\/4975","targetHints":{"allow":["GET"]}}],"collection":[{"href":"https:\/\/noticiasregionais.com.br\/index.php?rest_route=\/wp\/v2\/posts"}],"about":[{"href":"https:\/\/noticiasregionais.com.br\/index.php?rest_route=\/wp\/v2\/types\/post"}],"author":[{"embeddable":true,"href":"https:\/\/noticiasregionais.com.br\/index.php?rest_route=\/wp\/v2\/users\/1"}],"replies":[{"embeddable":true,"href":"https:\/\/noticiasregionais.com.br\/index.php?rest_route=%2Fwp%2Fv2%2Fcomments&post=4975"}],"version-history":[{"count":1,"href":"https:\/\/noticiasregionais.com.br\/index.php?rest_route=\/wp\/v2\/posts\/4975\/revisions"}],"predecessor-version":[{"id":4978,"href":"https:\/\/noticiasregionais.com.br\/index.php?rest_route=\/wp\/v2\/posts\/4975\/revisions\/4978"}],"wp:featuredmedia":[{"embeddable":true,"href":"https:\/\/noticiasregionais.com.br\/index.php?rest_route=\/wp\/v2\/media\/4977"}],"wp:attachment":[{"href":"https:\/\/noticiasregionais.com.br\/index.php?rest_route=%2Fwp%2Fv2%2Fmedia&parent=4975"}],"wp:term":[{"taxonomy":"category","embeddable":true,"href":"https:\/\/noticiasregionais.com.br\/index.php?rest_route=%2Fwp%2Fv2%2Fcategories&post=4975"},{"taxonomy":"post_tag","embeddable":true,"href":"https:\/\/noticiasregionais.com.br\/index.php?rest_route=%2Fwp%2Fv2%2Ftags&post=4975"}],"curies":[{"name":"wp","href":"https:\/\/api.w.org\/{rel}","templated":true}]}}