{"id":4979,"date":"2025-04-14T08:17:23","date_gmt":"2025-04-14T11:17:23","guid":{"rendered":"https:\/\/noticiasregionais.com.br\/?p=4979"},"modified":"2025-04-14T08:17:26","modified_gmt":"2025-04-14T11:17:26","slug":"prefeitura-de-ourinhos-inicia-distribuicao-de-uniformes-escolares-para-2025","status":"publish","type":"post","link":"https:\/\/noticiasregionais.com.br\/?p=4979","title":{"rendered":"Prefeitura de Ourinhos inicia distribui\u00e7\u00e3o de uniformes escolares para 2025"},"content":{"rendered":"\n<p>A <strong>Prefeitura de Ourinhos<\/strong>, por meio da <strong>Secretaria Municipal de Educa\u00e7\u00e3o<\/strong>, iniciou na \u00faltima quarta-feira (9) a entrega dos <strong>uniformes escolares<\/strong> para alunos da rede municipal de ensino infantil e fundamental, referente ao ano letivo de 2025.<\/p>\n\n\n\n<p>Durante a distribui\u00e7\u00e3o na <strong>NEI Vereador \u00c1lvaro Ribeiro de Moraes &#8220;Vico&#8221;<\/strong>, o <strong>vice-prefeito Alexandre Zoio<\/strong> esteve presente, acompanhado do <strong>secret\u00e1rio de Educa\u00e7\u00e3o. <\/strong>Tamb\u00e9m estiveram presentes <strong>Roberto Tasca<\/strong> <strong>&#8211;<\/strong> <strong>Chefe de Gabinete<\/strong>, e uma comitiva de vereadores, que incluiu <strong>Celinho Cabeleireiro, Gil Carvalho, Raquel Spada<\/strong> e <strong>Sargento Sergio<\/strong>. Os parlamentares destacaram a qualidade dos uniformes e a antecipa\u00e7\u00e3o na entrega, que est\u00e1 sendo feita no primeiro semestre do ano, algo in\u00e9dito em rela\u00e7\u00e3o aos anos anteriores.<\/p>\n\n\n\n<p>Os <strong>kits de uniformes escolares<\/strong> incluem <strong>duas camisetas de manga curta<\/strong>, <strong>um casaco<\/strong>, <strong>uma camisa de manga longa<\/strong>, <strong>uma cal\u00e7a<\/strong>, al\u00e9m de <strong>bermuda ou shorts-saia<\/strong>. A entrega do material seguir\u00e1 o cronograma estabelecido, com mais unidades sendo distribu\u00eddas nas escolas ao longo da pr\u00f3xima semana, de acordo com o plano de log\u00edstica da transportadora respons\u00e1vel pela distribui\u00e7\u00e3o.<\/p>\n\n\n\n<figure class=\"wp-block-gallery has-nested-images columns-5 is-cropped wp-block-gallery-1 is-layout-flex wp-block-gallery-is-layout-flex\">\n<figure class=\"wp-block-image size-large\"><img decoding=\"async\" width=\"576\" height=\"1024\" data-id=\"4982\" src=\"https:\/\/noticiasregionais.com.br\/wp-content\/uploads\/2025\/04\/WhatsApp-Image-2025-04-11-at-17.24.421-576x1024.jpeg\" alt=\"\" class=\"wp-image-4982\" srcset=\"https:\/\/noticiasregionais.com.br\/wp-content\/uploads\/2025\/04\/WhatsApp-Image-2025-04-11-at-17.24.421-576x1024.jpeg 576w, https:\/\/noticiasregionais.com.br\/wp-content\/uploads\/2025\/04\/WhatsApp-Image-2025-04-11-at-17.24.421-169x300.jpeg 169w, https:\/\/noticiasregionais.com.br\/wp-content\/uploads\/2025\/04\/WhatsApp-Image-2025-04-11-at-17.24.421-768x1365.jpeg 768w, https:\/\/noticiasregionais.com.br\/wp-content\/uploads\/2025\/04\/WhatsApp-Image-2025-04-11-at-17.24.421-864x1536.jpeg 864w, https:\/\/noticiasregionais.com.br\/wp-content\/uploads\/2025\/04\/WhatsApp-Image-2025-04-11-at-17.24.421.jpeg 900w\" sizes=\"(max-width: 576px) 100vw, 576px\" \/><\/figure>\n\n\n\n<figure class=\"wp-block-image size-large\"><img decoding=\"async\" width=\"505\" height=\"685\" data-id=\"4981\" src=\"https:\/\/noticiasregionais.com.br\/wp-content\/uploads\/2025\/04\/WhatsApp-Image-2025-04-11-at-17.24.44.jpeg\" alt=\"\" class=\"wp-image-4981\" srcset=\"https:\/\/noticiasregionais.com.br\/wp-content\/uploads\/2025\/04\/WhatsApp-Image-2025-04-11-at-17.24.44.jpeg 505w, https:\/\/noticiasregionais.com.br\/wp-content\/uploads\/2025\/04\/WhatsApp-Image-2025-04-11-at-17.24.44-221x300.jpeg 221w\" sizes=\"(max-width: 505px) 100vw, 505px\" \/><\/figure>\n\n\n\n<figure class=\"wp-block-image size-large\"><img decoding=\"async\" width=\"576\" height=\"1024\" data-id=\"4984\" src=\"https:\/\/noticiasregionais.com.br\/wp-content\/uploads\/2025\/04\/WhatsApp-Image-2025-04-11-at-17.24.431-576x1024.jpeg\" alt=\"\" class=\"wp-image-4984\" srcset=\"https:\/\/noticiasregionais.com.br\/wp-content\/uploads\/2025\/04\/WhatsApp-Image-2025-04-11-at-17.24.431-576x1024.jpeg 576w, https:\/\/noticiasregionais.com.br\/wp-content\/uploads\/2025\/04\/WhatsApp-Image-2025-04-11-at-17.24.431-169x300.jpeg 169w, https:\/\/noticiasregionais.com.br\/wp-content\/uploads\/2025\/04\/WhatsApp-Image-2025-04-11-at-17.24.431-768x1365.jpeg 768w, https:\/\/noticiasregionais.com.br\/wp-content\/uploads\/2025\/04\/WhatsApp-Image-2025-04-11-at-17.24.431-864x1536.jpeg 864w, https:\/\/noticiasregionais.com.br\/wp-content\/uploads\/2025\/04\/WhatsApp-Image-2025-04-11-at-17.24.431.jpeg 900w\" sizes=\"(max-width: 576px) 100vw, 576px\" \/><\/figure>\n\n\n\n<figure class=\"wp-block-image size-large\"><img decoding=\"async\" width=\"1024\" height=\"576\" data-id=\"4986\" src=\"https:\/\/noticiasregionais.com.br\/wp-content\/uploads\/2025\/04\/WhatsApp-Image-2025-04-11-at-17.24.432-1024x576.jpeg\" alt=\"\" class=\"wp-image-4986\" srcset=\"https:\/\/noticiasregionais.com.br\/wp-content\/uploads\/2025\/04\/WhatsApp-Image-2025-04-11-at-17.24.432-1024x576.jpeg 1024w, https:\/\/noticiasregionais.com.br\/wp-content\/uploads\/2025\/04\/WhatsApp-Image-2025-04-11-at-17.24.432-300x169.jpeg 300w, https:\/\/noticiasregionais.com.br\/wp-content\/uploads\/2025\/04\/WhatsApp-Image-2025-04-11-at-17.24.432-768x432.jpeg 768w, https:\/\/noticiasregionais.com.br\/wp-content\/uploads\/2025\/04\/WhatsApp-Image-2025-04-11-at-17.24.432-1536x864.jpeg 1536w, https:\/\/noticiasregionais.com.br\/wp-content\/uploads\/2025\/04\/WhatsApp-Image-2025-04-11-at-17.24.432.jpeg 1600w\" sizes=\"(max-width: 1024px) 100vw, 1024px\" \/><\/figure>\n\n\n\n<figure class=\"wp-block-image size-large\"><img decoding=\"async\" width=\"576\" height=\"1024\" data-id=\"4985\" src=\"https:\/\/noticiasregionais.com.br\/wp-content\/uploads\/2025\/04\/WhatsApp-Image-2025-04-11-at-17.24.42-576x1024.jpeg\" alt=\"\" class=\"wp-image-4985\" srcset=\"https:\/\/noticiasregionais.com.br\/wp-content\/uploads\/2025\/04\/WhatsApp-Image-2025-04-11-at-17.24.42-576x1024.jpeg 576w, https:\/\/noticiasregionais.com.br\/wp-content\/uploads\/2025\/04\/WhatsApp-Image-2025-04-11-at-17.24.42-169x300.jpeg 169w, https:\/\/noticiasregionais.com.br\/wp-content\/uploads\/2025\/04\/WhatsApp-Image-2025-04-11-at-17.24.42-768x1365.jpeg 768w, https:\/\/noticiasregionais.com.br\/wp-content\/uploads\/2025\/04\/WhatsApp-Image-2025-04-11-at-17.24.42-864x1536.jpeg 864w, https:\/\/noticiasregionais.com.br\/wp-content\/uploads\/2025\/04\/WhatsApp-Image-2025-04-11-at-17.24.42.jpeg 900w\" sizes=\"(max-width: 576px) 100vw, 576px\" \/><\/figure>\n\n\n\n<figure class=\"wp-block-image size-large\"><img decoding=\"async\" width=\"1024\" height=\"366\" data-id=\"4983\" src=\"https:\/\/noticiasregionais.com.br\/wp-content\/uploads\/2025\/04\/WhatsApp-Image-2025-04-11-at-17.26.06-1024x366.jpeg\" alt=\"\" class=\"wp-image-4983\" srcset=\"https:\/\/noticiasregionais.com.br\/wp-content\/uploads\/2025\/04\/WhatsApp-Image-2025-04-11-at-17.26.06-1024x366.jpeg 1024w, https:\/\/noticiasregionais.com.br\/wp-content\/uploads\/2025\/04\/WhatsApp-Image-2025-04-11-at-17.26.06-300x107.jpeg 300w, https:\/\/noticiasregionais.com.br\/wp-content\/uploads\/2025\/04\/WhatsApp-Image-2025-04-11-at-17.26.06-768x274.jpeg 768w, https:\/\/noticiasregionais.com.br\/wp-content\/uploads\/2025\/04\/WhatsApp-Image-2025-04-11-at-17.26.06.jpeg 1282w\" sizes=\"(max-width: 1024px) 100vw, 1024px\" \/><\/figure>\n<\/figure>\n<input type=\"hidden\" id=\"baseurl\" value=\"https:\/\/noticiasregionais.com.br\"><input type=\"hidden\" id=\"audio_nonce\" value=\"533fbb67b1\">","protected":false},"excerpt":{"rendered":"<p>A Prefeitura de Ourinhos, por meio da Secretaria Municipal de Educa\u00e7\u00e3o, iniciou na \u00faltima quarta-feira (9) a entrega dos uniformes&hellip;<\/p>\n","protected":false},"author":1,"featured_media":4980,"comment_status":"closed","ping_status":"open","sticky":false,"template":"","format":"standard","meta":{"sfsi_plus_gutenberg_text_before_share":"","sfsi_plus_gutenberg_show_text_before_share":"","sfsi_plus_gutenberg_icon_type":"","sfsi_plus_gutenberg_icon_alignemt":"","sfsi_plus_gutenburg_max_per_row":"","footnotes":""},"categories":[5,10,1],"tags":[16],"class_list":["post-4979","post","type-post","status-publish","format-standard","has-post-thumbnail","hentry","category-ourinhos","category-destaques","category-noticias","tag-ourinhos"],"_links":{"self":[{"href":"https:\/\/noticiasregionais.com.br\/index.php?rest_route=\/wp\/v2\/posts\/4979","targetHints":{"allow":["GET"]}}],"collection":[{"href":"https:\/\/noticiasregionais.com.br\/index.php?rest_route=\/wp\/v2\/posts"}],"about":[{"href":"https:\/\/noticiasregionais.com.br\/index.php?rest_route=\/wp\/v2\/types\/post"}],"author":[{"embeddable":true,"href":"https:\/\/noticiasregionais.com.br\/index.php?rest_route=\/wp\/v2\/users\/1"}],"replies":[{"embeddable":true,"href":"https:\/\/noticiasregionais.com.br\/index.php?rest_route=%2Fwp%2Fv2%2Fcomments&post=4979"}],"version-history":[{"count":1,"href":"https:\/\/noticiasregionais.com.br\/index.php?rest_route=\/wp\/v2\/posts\/4979\/revisions"}],"predecessor-version":[{"id":4987,"href":"https:\/\/noticiasregionais.com.br\/index.php?rest_route=\/wp\/v2\/posts\/4979\/revisions\/4987"}],"wp:featuredmedia":[{"embeddable":true,"href":"https:\/\/noticiasregionais.com.br\/index.php?rest_route=\/wp\/v2\/media\/4980"}],"wp:attachment":[{"href":"https:\/\/noticiasregionais.com.br\/index.php?rest_route=%2Fwp%2Fv2%2Fmedia&parent=4979"}],"wp:term":[{"taxonomy":"category","embeddable":true,"href":"https:\/\/noticiasregionais.com.br\/index.php?rest_route=%2Fwp%2Fv2%2Fcategories&post=4979"},{"taxonomy":"post_tag","embeddable":true,"href":"https:\/\/noticiasregionais.com.br\/index.php?rest_route=%2Fwp%2Fv2%2Ftags&post=4979"}],"curies":[{"name":"wp","href":"https:\/\/api.w.org\/{rel}","templated":true}]}}