{"id":4988,"date":"2025-04-14T08:23:15","date_gmt":"2025-04-14T11:23:15","guid":{"rendered":"https:\/\/noticiasregionais.com.br\/?p=4988"},"modified":"2025-04-14T19:40:47","modified_gmt":"2025-04-14T22:40:47","slug":"ultimas-horas-estacio-oferece-mensalidade-fixa-de-r-299-em-cursos-semipresenciais-ate-hoje-14-de-abril","status":"publish","type":"post","link":"https:\/\/noticiasregionais.com.br\/?p=4988","title":{"rendered":"\u00daltimas horas! Est\u00e1cio oferece mensalidade fixa de R$ 299 em cursos semipresenciais at\u00e9 hoje, 14 de abril"},"content":{"rendered":"\n<p>Se voc\u00ea estava esperando o momento certo para come\u00e7ar a faculdade, <strong>ele \u00e9 agora \u2014 e termina hoje!<\/strong> A <strong>Faculdade Est\u00e1cio Ourinhos<\/strong> est\u00e1 encerrando, nesta <strong>segunda-feira (14 de abril)<\/strong>, uma <strong>promo\u00e7\u00e3o in\u00e9dita<\/strong>: mensalidade de apenas <strong>R$ 299 durante todo o curso<\/strong> para quem se matricular em <strong>cursos semipresenciais com in\u00edcio imediato<\/strong>.<\/p>\n\n\n\n<p>Essa \u00e9 a \u00faltima chance de garantir uma forma\u00e7\u00e3o de qualidade, com flexibilidade de hor\u00e1rios e diploma reconhecido em todo o pa\u00eds. A promo\u00e7\u00e3o vale <strong>somente at\u00e9 o fim do dia de hoje<\/strong>, ent\u00e3o \u00e9 hora de correr!<\/p>\n\n\n\n<h3 class=\"wp-block-heading\">\ud83d\udcda Cursos dispon\u00edveis:<\/h3>\n\n\n\n<ul class=\"wp-block-list\">\n<li>Administra\u00e7\u00e3o<\/li>\n\n\n\n<li>Biomedicina<\/li>\n\n\n\n<li>Educa\u00e7\u00e3o F\u00edsica (Bacharelado)<\/li>\n\n\n\n<li>Enfermagem<\/li>\n\n\n\n<li>Engenharia Civil<\/li>\n\n\n\n<li>Fisioterapia<\/li>\n\n\n\n<li>Nutri\u00e7\u00e3o<\/li>\n<\/ul>\n\n\n\n<h3 class=\"wp-block-heading\">\ud83d\udca1 Por que escolher o modelo semipresencial?<\/h3>\n\n\n\n<ul class=\"wp-block-list\">\n<li>70% da carga hor\u00e1ria \u00e9 online, e 30% presencial ou ao vivo;<\/li>\n\n\n\n<li>O mesmo diploma das modalidades presenciais;<\/li>\n\n\n\n<li>Flexibilidade para estudar no seu ritmo;<\/li>\n\n\n\n<li>Aulas interativas com v\u00eddeos, podcasts e gamifica\u00e7\u00e3o;<\/li>\n\n\n\n<li>Provas presenciais ao fim de cada semestre;<\/li>\n\n\n\n<li>Curr\u00edculo com abrang\u00eancia nacional.<\/li>\n<\/ul>\n\n\n\n<h3 class=\"wp-block-heading\">\ud83d\udcf2 Fale agora mesmo pelo WhatsApp:<\/h3>\n\n\n\n<p><strong>(14) 98182-0242<\/strong><br>Anote a\u00ed e n\u00e3o perca: <strong>98182-0242<\/strong><\/p>\n\n\n\n<p><strong>Estude com qualidade, pague pouco e comece agora. Mas corra \u2014 essa chance termina hoje!<\/strong><br><strong>Vem pra Est\u00e1cio Ourinhos!<\/strong><\/p>\n\n\n\n<figure class=\"wp-block-image size-large\"><img decoding=\"async\" width=\"1024\" height=\"1024\" src=\"https:\/\/noticiasregionais.com.br\/wp-content\/uploads\/2025\/04\/Banner-Estacio-1080x1080-1-1024x1024.png\" alt=\"\" class=\"wp-image-4967\" srcset=\"https:\/\/noticiasregionais.com.br\/wp-content\/uploads\/2025\/04\/Banner-Estacio-1080x1080-1-1024x1024.png 1024w, https:\/\/noticiasregionais.com.br\/wp-content\/uploads\/2025\/04\/Banner-Estacio-1080x1080-1-300x300.png 300w, https:\/\/noticiasregionais.com.br\/wp-content\/uploads\/2025\/04\/Banner-Estacio-1080x1080-1-150x150.png 150w, https:\/\/noticiasregionais.com.br\/wp-content\/uploads\/2025\/04\/Banner-Estacio-1080x1080-1-768x768.png 768w, https:\/\/noticiasregionais.com.br\/wp-content\/uploads\/2025\/04\/Banner-Estacio-1080x1080-1.png 1080w\" sizes=\"(max-width: 1024px) 100vw, 1024px\" \/><\/figure>\n<input type=\"hidden\" id=\"baseurl\" value=\"https:\/\/noticiasregionais.com.br\"><input type=\"hidden\" id=\"audio_nonce\" value=\"62e6e21d74\">","protected":false},"excerpt":{"rendered":"<p>Se voc\u00ea estava esperando o momento certo para come\u00e7ar a faculdade, ele \u00e9 agora \u2014 e termina hoje! A Faculdade&hellip;<\/p>\n","protected":false},"author":1,"featured_media":4787,"comment_status":"closed","ping_status":"open","sticky":false,"template":"","format":"standard","meta":{"sfsi_plus_gutenberg_text_before_share":"","sfsi_plus_gutenberg_show_text_before_share":"","sfsi_plus_gutenberg_icon_type":"","sfsi_plus_gutenberg_icon_alignemt":"","sfsi_plus_gutenburg_max_per_row":"","footnotes":""},"categories":[1,5],"tags":[16],"class_list":["post-4988","post","type-post","status-publish","format-standard","has-post-thumbnail","hentry","category-noticias","category-ourinhos","tag-ourinhos"],"_links":{"self":[{"href":"https:\/\/noticiasregionais.com.br\/index.php?rest_route=\/wp\/v2\/posts\/4988","targetHints":{"allow":["GET"]}}],"collection":[{"href":"https:\/\/noticiasregionais.com.br\/index.php?rest_route=\/wp\/v2\/posts"}],"about":[{"href":"https:\/\/noticiasregionais.com.br\/index.php?rest_route=\/wp\/v2\/types\/post"}],"author":[{"embeddable":true,"href":"https:\/\/noticiasregionais.com.br\/index.php?rest_route=\/wp\/v2\/users\/1"}],"replies":[{"embeddable":true,"href":"https:\/\/noticiasregionais.com.br\/index.php?rest_route=%2Fwp%2Fv2%2Fcomments&post=4988"}],"version-history":[{"count":2,"href":"https:\/\/noticiasregionais.com.br\/index.php?rest_route=\/wp\/v2\/posts\/4988\/revisions"}],"predecessor-version":[{"id":4990,"href":"https:\/\/noticiasregionais.com.br\/index.php?rest_route=\/wp\/v2\/posts\/4988\/revisions\/4990"}],"wp:featuredmedia":[{"embeddable":true,"href":"https:\/\/noticiasregionais.com.br\/index.php?rest_route=\/wp\/v2\/media\/4787"}],"wp:attachment":[{"href":"https:\/\/noticiasregionais.com.br\/index.php?rest_route=%2Fwp%2Fv2%2Fmedia&parent=4988"}],"wp:term":[{"taxonomy":"category","embeddable":true,"href":"https:\/\/noticiasregionais.com.br\/index.php?rest_route=%2Fwp%2Fv2%2Fcategories&post=4988"},{"taxonomy":"post_tag","embeddable":true,"href":"https:\/\/noticiasregionais.com.br\/index.php?rest_route=%2Fwp%2Fv2%2Ftags&post=4988"}],"curies":[{"name":"wp","href":"https:\/\/api.w.org\/{rel}","templated":true}]}}