{"id":4991,"date":"2025-04-14T13:31:50","date_gmt":"2025-04-14T16:31:50","guid":{"rendered":"https:\/\/noticiasregionais.com.br\/?p=4991"},"modified":"2025-04-14T13:32:53","modified_gmt":"2025-04-14T16:32:53","slug":"operacao-da-pm-em-jacarezinho-resulta-em-prisoes-e-apreensao-de-drogas","status":"publish","type":"post","link":"https:\/\/noticiasregionais.com.br\/?p=4991","title":{"rendered":"Opera\u00e7\u00e3o da PM em Jacarezinho resulta em pris\u00f5es e apreens\u00e3o de drogas"},"content":{"rendered":"\n<p class=\"has-text-align-center\"><strong>A\u00e7\u00e3o conjunta do 2\u00ba BPM e da equipe de Opera\u00e7\u00f5es com C\u00e3es culminou na pris\u00e3o de duas pessoas e na apreens\u00e3o de maconha, crack e materiais para o tr\u00e1fico.<\/strong><\/p>\n\n\n\n<p><strong>Jacarezinho, PR \u2013<\/strong> Uma opera\u00e7\u00e3o da Pol\u00edcia Militar do 2\u00ba Batalh\u00e3o (2\u00ba BPM), com o apoio crucial da equipe de Opera\u00e7\u00f5es com C\u00e3es da Unidade, deflagrada na tarde de sexta-feira, 11 de abril de 2025, resultou na pris\u00e3o de duas pessoas e na apreens\u00e3o de drogas e materiais relacionados ao tr\u00e1fico na Rua Quintino Bocaiuva, em Jacarezinho.<\/p>\n\n\n\n<p>A a\u00e7\u00e3o policial ocorreu durante o cumprimento de um mandado de busca e apreens\u00e3o. Durante o monitoramento pr\u00e9vio do local, os policiais flagraram uma transa\u00e7\u00e3o suspeita entre uma mulher e um homem. Ap\u00f3s a abordagem, o homem foi encontrado portando uma por\u00e7\u00e3o de maconha, e a mulher foi identificada como o alvo do mandado.<\/p>\n\n\n\n<p>Simultaneamente, a equipe de Opera\u00e7\u00f5es com C\u00e3es realizou a abordagem da suspeita no momento em que ela deixava a resid\u00eancia com seu ve\u00edculo. Ao perceber a chegada da pol\u00edcia, a mulher tentou inutilizar seu aparelho celular.<\/p>\n\n\n\n<p>As buscas na resid\u00eancia, conduzidas com o aux\u00edlio dos c\u00e3es farejadores, foram eficazes na localiza\u00e7\u00e3o de:<\/p>\n\n\n\n<ul class=\"wp-block-list\">\n<li>53 gramas de maconha<\/li>\n\n\n\n<li>7 gramas de crack<\/li>\n\n\n\n<li>Dinheiro em esp\u00e9cie (R$ 20,00)<\/li>\n\n\n\n<li>Uma balan\u00e7a de precis\u00e3o<\/li>\n\n\n\n<li>Diversos materiais utilizados para o preparo e embalagem de drogas para venda (faca, rolo de saco pl\u00e1stico)<\/li>\n<\/ul>\n\n\n\n<p>Al\u00e9m das drogas e materiais, foram apreendidos tr\u00eas aparelhos celulares e um ve\u00edculo VW Gol, que foi recolhido ao p\u00e1tio.<\/p>\n\n\n\n<p>Os dois indiv\u00edduos envolvidos na ocorr\u00eancia foram detidos e encaminhados \u00e0 Delegacia de Pol\u00edcia Civil de Jacarezinho para as provid\u00eancias legais cab\u00edveis.<\/p>\n\n\n\n<p>Esta opera\u00e7\u00e3o demonstra o firme compromisso da Pol\u00edcia Militar do Paran\u00e1, atrav\u00e9s do 2\u00ba Comando Regional da Pol\u00edcia Militar (2\u00ba CRPM) e do 2\u00ba BPM, no combate incessante ao tr\u00e1fico de drogas e no cumprimento de mandados judiciais, visando garantir a seguran\u00e7a e o bem-estar da comunidade de Jacarezinho.<\/p>\n\n\n<div class=\"wp-block-image\">\n<figure class=\"aligncenter size-large\"><img decoding=\"async\" width=\"853\" height=\"1024\" src=\"https:\/\/noticiasregionais.com.br\/wp-content\/uploads\/2025\/04\/WhatsApp-Image-2025-04-14-at-10.16.58-853x1024.jpeg\" alt=\"\" class=\"wp-image-4993\" srcset=\"https:\/\/noticiasregionais.com.br\/wp-content\/uploads\/2025\/04\/WhatsApp-Image-2025-04-14-at-10.16.58-853x1024.jpeg 853w, https:\/\/noticiasregionais.com.br\/wp-content\/uploads\/2025\/04\/WhatsApp-Image-2025-04-14-at-10.16.58-250x300.jpeg 250w, https:\/\/noticiasregionais.com.br\/wp-content\/uploads\/2025\/04\/WhatsApp-Image-2025-04-14-at-10.16.58-768x922.jpeg 768w, https:\/\/noticiasregionais.com.br\/wp-content\/uploads\/2025\/04\/WhatsApp-Image-2025-04-14-at-10.16.58.jpeg 1066w\" sizes=\"(max-width: 853px) 100vw, 853px\" \/><\/figure>\n<\/div><input type=\"hidden\" id=\"baseurl\" value=\"https:\/\/noticiasregionais.com.br\"><input type=\"hidden\" id=\"audio_nonce\" value=\"533fbb67b1\">","protected":false},"excerpt":{"rendered":"<p>A\u00e7\u00e3o conjunta do 2\u00ba BPM e da equipe de Opera\u00e7\u00f5es com C\u00e3es culminou na pris\u00e3o de duas pessoas e na&hellip;<\/p>\n","protected":false},"author":1,"featured_media":4992,"comment_status":"closed","ping_status":"open","sticky":false,"template":"","format":"standard","meta":{"sfsi_plus_gutenberg_text_before_share":"","sfsi_plus_gutenberg_show_text_before_share":"","sfsi_plus_gutenberg_icon_type":"","sfsi_plus_gutenberg_icon_alignemt":"","sfsi_plus_gutenburg_max_per_row":"","footnotes":""},"categories":[7,10,1],"tags":[18],"class_list":["post-4991","post","type-post","status-publish","format-standard","has-post-thumbnail","hentry","category-parana","category-destaques","category-noticias","tag-jacarezinho"],"_links":{"self":[{"href":"https:\/\/noticiasregionais.com.br\/index.php?rest_route=\/wp\/v2\/posts\/4991","targetHints":{"allow":["GET"]}}],"collection":[{"href":"https:\/\/noticiasregionais.com.br\/index.php?rest_route=\/wp\/v2\/posts"}],"about":[{"href":"https:\/\/noticiasregionais.com.br\/index.php?rest_route=\/wp\/v2\/types\/post"}],"author":[{"embeddable":true,"href":"https:\/\/noticiasregionais.com.br\/index.php?rest_route=\/wp\/v2\/users\/1"}],"replies":[{"embeddable":true,"href":"https:\/\/noticiasregionais.com.br\/index.php?rest_route=%2Fwp%2Fv2%2Fcomments&post=4991"}],"version-history":[{"count":2,"href":"https:\/\/noticiasregionais.com.br\/index.php?rest_route=\/wp\/v2\/posts\/4991\/revisions"}],"predecessor-version":[{"id":4995,"href":"https:\/\/noticiasregionais.com.br\/index.php?rest_route=\/wp\/v2\/posts\/4991\/revisions\/4995"}],"wp:featuredmedia":[{"embeddable":true,"href":"https:\/\/noticiasregionais.com.br\/index.php?rest_route=\/wp\/v2\/media\/4992"}],"wp:attachment":[{"href":"https:\/\/noticiasregionais.com.br\/index.php?rest_route=%2Fwp%2Fv2%2Fmedia&parent=4991"}],"wp:term":[{"taxonomy":"category","embeddable":true,"href":"https:\/\/noticiasregionais.com.br\/index.php?rest_route=%2Fwp%2Fv2%2Fcategories&post=4991"},{"taxonomy":"post_tag","embeddable":true,"href":"https:\/\/noticiasregionais.com.br\/index.php?rest_route=%2Fwp%2Fv2%2Ftags&post=4991"}],"curies":[{"name":"wp","href":"https:\/\/api.w.org\/{rel}","templated":true}]}}