{"id":4996,"date":"2025-04-14T13:55:09","date_gmt":"2025-04-14T16:55:09","guid":{"rendered":"https:\/\/noticiasregionais.com.br\/?p=4996"},"modified":"2025-04-14T13:55:10","modified_gmt":"2025-04-14T16:55:10","slug":"camara-de-ourinhos-discute-criacao-de-car-para-fiscalizar-concessionaria-de-energia-e-acumulo-de-fios","status":"publish","type":"post","link":"https:\/\/noticiasregionais.com.br\/?p=4996","title":{"rendered":"C\u00e2mara de Ourinhos discute cria\u00e7\u00e3o de CAR para fiscalizar concession\u00e1ria de energia e acumulo de fios"},"content":{"rendered":"\n<p>A C\u00e2mara Municipal de Ourinhos realiza nesta noite sua 11\u00aa Sess\u00e3o Ordin\u00e1ria do ano com uma pauta extensa de requerimentos, indica\u00e7\u00f5es e projetos. Um dos destaques da sess\u00e3o ser\u00e1 a vota\u00e7\u00e3o do Projeto de Resolu\u00e7\u00e3o n\u00ba 9\/2025, que prop\u00f5e a cria\u00e7\u00e3o de uma <strong>Comiss\u00e3o de Assuntos Relevantes<\/strong> com foco na <strong>fiscaliza\u00e7\u00e3o da empresa concession\u00e1ria de energia el\u00e9trica<\/strong> e das demais que utilizam a infraestrutura de postes na cidade.<\/p>\n\n\n\n<p>A proposta, apresentada pelos vereadores <strong>Gil Carvalho, Vadinho, Wesley Carlos, Jo\u00e3o Gon\u00e7alves e Raquel Spada<\/strong>, pretende intensificar a fiscaliza\u00e7\u00e3o sobre o uso do espa\u00e7o p\u00fablico por essas empresas, especialmente quanto ao ac\u00famulo de fios inutilizados nos postes \u2014 uma queixa frequente da popula\u00e7\u00e3o. A comiss\u00e3o tamb\u00e9m dever\u00e1 cobrar o cumprimento das normas t\u00e9cnicas estabelecidas pela <strong>Lei Municipal n\u00ba 6.924\/2023<\/strong>, que trata do ordenamento e retirada desses materiais.<\/p>\n\n\n\n<h3 class=\"wp-block-heading\">Foco na organiza\u00e7\u00e3o urbana e seguran\u00e7a<\/h3>\n\n\n\n<p>A cria\u00e7\u00e3o da comiss\u00e3o surge em resposta \u00e0 crescente preocupa\u00e7\u00e3o com a polui\u00e7\u00e3o visual e riscos \u00e0 seguran\u00e7a causados pela desorganiza\u00e7\u00e3o de cabos e fios soltos em diversas regi\u00f5es do munic\u00edpio. A proposta pretende envolver diferentes secretarias e \u00f3rg\u00e3os t\u00e9cnicos para viabilizar a\u00e7\u00f5es concretas, como notifica\u00e7\u00f5es, multas e a exig\u00eancia de remo\u00e7\u00e3o dos fios excedentes.<\/p>\n\n\n\n<h3 class=\"wp-block-heading\">Outros destaques da pauta<\/h3>\n\n\n\n<p>A sess\u00e3o ainda contar\u00e1 com a delibera\u00e7\u00e3o de <strong>mais de 50 requerimentos<\/strong>, que v\u00e3o desde melhorias na infraestrutura urbana, como recapeamentos e instala\u00e7\u00e3o de lombofaixas, at\u00e9 projetos sociais, como a cria\u00e7\u00e3o do \u201cCentro de Refer\u00eancia da Dor Cr\u00f4nica\u201d e a realiza\u00e7\u00e3o de casamentos comunit\u00e1rios para fam\u00edlias de baixa renda.<\/p>\n\n\n\n<p>Tamb\u00e9m ser\u00e1 votado o <strong>Projeto de Resolu\u00e7\u00e3o n\u00ba 8\/2025<\/strong>, de autoria da vereadora Raquel Spada, que prop\u00f5e a cria\u00e7\u00e3o da <em>Frente Parlamentar de Apoio ao Paciente Oncol\u00f3gico e de Cuidados Paliativos<\/em>, refor\u00e7ando o papel da C\u00e2mara no acompanhamento das pol\u00edticas p\u00fablicas de sa\u00fade.<\/p>\n\n\n\n<h3 class=\"wp-block-heading\">Expectativa e participa\u00e7\u00e3o<\/h3>\n\n\n\n<p>A sess\u00e3o, que promete ser movimentada, ser\u00e1 realizada no plen\u00e1rio da C\u00e2mara a partir das 19h e estar\u00e1 aberta ao p\u00fablico, al\u00e9m de ser transmitida ao vivo pelas redes sociais da C\u00e2mara Municipal de Ourinhos. A expectativa \u00e9 de que a cria\u00e7\u00e3o da nova comiss\u00e3o seja aprovada por unanimidade, considerando o apoio multipartid\u00e1rio j\u00e1 demonstrado.<\/p>\n\n\n\n<p>Essa movimenta\u00e7\u00e3o legislativa refor\u00e7a o papel da C\u00e2mara como espa\u00e7o de escuta das demandas populares e fiscaliza\u00e7\u00e3o dos servi\u00e7os prestados \u00e0 comunidade.<\/p>\n<input type=\"hidden\" id=\"baseurl\" value=\"https:\/\/noticiasregionais.com.br\"><input type=\"hidden\" id=\"audio_nonce\" value=\"3cdc555a10\">","protected":false},"excerpt":{"rendered":"<p>A C\u00e2mara Municipal de Ourinhos realiza nesta noite sua 11\u00aa Sess\u00e3o Ordin\u00e1ria do ano com uma pauta extensa de requerimentos,&hellip;<\/p>\n","protected":false},"author":1,"featured_media":4997,"comment_status":"closed","ping_status":"open","sticky":false,"template":"","format":"standard","meta":{"sfsi_plus_gutenberg_text_before_share":"","sfsi_plus_gutenberg_show_text_before_share":"","sfsi_plus_gutenberg_icon_type":"","sfsi_plus_gutenberg_icon_alignemt":"","sfsi_plus_gutenburg_max_per_row":"","footnotes":""},"categories":[5,10,1],"tags":[16],"class_list":["post-4996","post","type-post","status-publish","format-standard","has-post-thumbnail","hentry","category-ourinhos","category-destaques","category-noticias","tag-ourinhos"],"_links":{"self":[{"href":"https:\/\/noticiasregionais.com.br\/index.php?rest_route=\/wp\/v2\/posts\/4996","targetHints":{"allow":["GET"]}}],"collection":[{"href":"https:\/\/noticiasregionais.com.br\/index.php?rest_route=\/wp\/v2\/posts"}],"about":[{"href":"https:\/\/noticiasregionais.com.br\/index.php?rest_route=\/wp\/v2\/types\/post"}],"author":[{"embeddable":true,"href":"https:\/\/noticiasregionais.com.br\/index.php?rest_route=\/wp\/v2\/users\/1"}],"replies":[{"embeddable":true,"href":"https:\/\/noticiasregionais.com.br\/index.php?rest_route=%2Fwp%2Fv2%2Fcomments&post=4996"}],"version-history":[{"count":1,"href":"https:\/\/noticiasregionais.com.br\/index.php?rest_route=\/wp\/v2\/posts\/4996\/revisions"}],"predecessor-version":[{"id":4998,"href":"https:\/\/noticiasregionais.com.br\/index.php?rest_route=\/wp\/v2\/posts\/4996\/revisions\/4998"}],"wp:featuredmedia":[{"embeddable":true,"href":"https:\/\/noticiasregionais.com.br\/index.php?rest_route=\/wp\/v2\/media\/4997"}],"wp:attachment":[{"href":"https:\/\/noticiasregionais.com.br\/index.php?rest_route=%2Fwp%2Fv2%2Fmedia&parent=4996"}],"wp:term":[{"taxonomy":"category","embeddable":true,"href":"https:\/\/noticiasregionais.com.br\/index.php?rest_route=%2Fwp%2Fv2%2Fcategories&post=4996"},{"taxonomy":"post_tag","embeddable":true,"href":"https:\/\/noticiasregionais.com.br\/index.php?rest_route=%2Fwp%2Fv2%2Ftags&post=4996"}],"curies":[{"name":"wp","href":"https:\/\/api.w.org\/{rel}","templated":true}]}}