{"id":5001,"date":"2025-04-14T19:48:54","date_gmt":"2025-04-14T22:48:54","guid":{"rendered":"https:\/\/noticiasregionais.com.br\/?p=5001"},"modified":"2025-04-14T20:21:34","modified_gmt":"2025-04-14T23:21:34","slug":"equipe-de-futebol-de-amputados-de-ourinhos-comeca-paulistao-2025-com-vitoria","status":"publish","type":"post","link":"https:\/\/noticiasregionais.com.br\/?p=5001","title":{"rendered":"Equipe de Futebol de Amputados de Ourinhos come\u00e7a Paulist\u00e3o 2025 com vit\u00f3ria"},"content":{"rendered":"\n<p>No s\u00e1bado, dia 12, o time de Futebol para Amputados de Ourinhos estreou com o p\u00e9 direito no Campeonato Paulista 2025, conquistando uma vit\u00f3ria importante na cidade de Sorocaba.<\/p>\n\n\n\n<p>Com um jogo seguro e boa troca de passes, os ourinhenses dominaram a partida e superaram a equipe Evolu\u00e7\u00e3o pelo placar de 3 a 0. Marquinhos foi o destaque da partida ao marcar dois gols, enquanto Pedro tamb\u00e9m balan\u00e7ou as redes uma vez.<\/p>\n\n\n\n<p>Na outra partida do grupo B, o S\u00e3o Bento \u2014 tamb\u00e9m de Sorocaba \u2014 aplicou uma goleada no Santos, vencendo por 6 a 0.<\/p>\n\n\n\n<p>A pr\u00f3xima rodada do grupo j\u00e1 est\u00e1 agendada: os confrontos acontecer\u00e3o no dia 3 de maio, na cidade de Santos.<\/p>\n<input type=\"hidden\" id=\"baseurl\" value=\"https:\/\/noticiasregionais.com.br\"><input type=\"hidden\" id=\"audio_nonce\" value=\"533fbb67b1\">","protected":false},"excerpt":{"rendered":"<p>No s\u00e1bado, dia 12, o time de Futebol para Amputados de Ourinhos estreou com o p\u00e9 direito no Campeonato Paulista&hellip;<\/p>\n","protected":false},"author":1,"featured_media":5002,"comment_status":"closed","ping_status":"open","sticky":false,"template":"","format":"standard","meta":{"sfsi_plus_gutenberg_text_before_share":"","sfsi_plus_gutenberg_show_text_before_share":"","sfsi_plus_gutenberg_icon_type":"","sfsi_plus_gutenberg_icon_alignemt":"","sfsi_plus_gutenburg_max_per_row":"","footnotes":""},"categories":[1,10,5],"tags":[16],"class_list":["post-5001","post","type-post","status-publish","format-standard","has-post-thumbnail","hentry","category-noticias","category-destaques","category-ourinhos","tag-ourinhos"],"_links":{"self":[{"href":"https:\/\/noticiasregionais.com.br\/index.php?rest_route=\/wp\/v2\/posts\/5001","targetHints":{"allow":["GET"]}}],"collection":[{"href":"https:\/\/noticiasregionais.com.br\/index.php?rest_route=\/wp\/v2\/posts"}],"about":[{"href":"https:\/\/noticiasregionais.com.br\/index.php?rest_route=\/wp\/v2\/types\/post"}],"author":[{"embeddable":true,"href":"https:\/\/noticiasregionais.com.br\/index.php?rest_route=\/wp\/v2\/users\/1"}],"replies":[{"embeddable":true,"href":"https:\/\/noticiasregionais.com.br\/index.php?rest_route=%2Fwp%2Fv2%2Fcomments&post=5001"}],"version-history":[{"count":1,"href":"https:\/\/noticiasregionais.com.br\/index.php?rest_route=\/wp\/v2\/posts\/5001\/revisions"}],"predecessor-version":[{"id":5003,"href":"https:\/\/noticiasregionais.com.br\/index.php?rest_route=\/wp\/v2\/posts\/5001\/revisions\/5003"}],"wp:featuredmedia":[{"embeddable":true,"href":"https:\/\/noticiasregionais.com.br\/index.php?rest_route=\/wp\/v2\/media\/5002"}],"wp:attachment":[{"href":"https:\/\/noticiasregionais.com.br\/index.php?rest_route=%2Fwp%2Fv2%2Fmedia&parent=5001"}],"wp:term":[{"taxonomy":"category","embeddable":true,"href":"https:\/\/noticiasregionais.com.br\/index.php?rest_route=%2Fwp%2Fv2%2Fcategories&post=5001"},{"taxonomy":"post_tag","embeddable":true,"href":"https:\/\/noticiasregionais.com.br\/index.php?rest_route=%2Fwp%2Fv2%2Ftags&post=5001"}],"curies":[{"name":"wp","href":"https:\/\/api.w.org\/{rel}","templated":true}]}}