{"id":5004,"date":"2025-04-14T19:57:52","date_gmt":"2025-04-14T22:57:52","guid":{"rendered":"https:\/\/noticiasregionais.com.br\/?p=5004"},"modified":"2025-04-14T20:00:40","modified_gmt":"2025-04-14T23:00:40","slug":"ourinhos-ganha-reforco-no-apoio-a-mulher-com-inauguracao-da-casa-da-mulher-paulista","status":"publish","type":"post","link":"https:\/\/noticiasregionais.com.br\/?p=5004","title":{"rendered":"Ourinhos ganha refor\u00e7o no apoio \u00e0 mulher com inaugura\u00e7\u00e3o da Casa da Mulher Paulista"},"content":{"rendered":"\n<p class=\"has-text-align-center\"><strong>Empoderamento feminino, autonomia financeira e acolhimento especializado s\u00e3o os pilares da nova unidade, resultado de parceria entre Prefeitura e Governo do Estado.<\/strong><\/p>\n\n\n\n<p>Ourinhos celebrou nesta segunda-feira (14) a inaugura\u00e7\u00e3o da Casa da Mulher Paulista, um espa\u00e7o dedicado a oferecer acolhimento, atendimento especializado e promover o fortalecimento de mulheres em situa\u00e7\u00e3o de vulnerabilidade. Localizada na Avenida Get\u00falio Vargas, 1480, no Jardim S\u00e3o Silvestre, a iniciativa representa um avan\u00e7o significativo nas pol\u00edticas p\u00fablicas para mulheres no munic\u00edpio.<\/p>\n\n\n\n<p>A cerim\u00f4nia de inaugura\u00e7\u00e3o reuniu diversas autoridades, incluindo o prefeito Guilherme Gon\u00e7alves, o vice-prefeito Alexandre Z\u00f3io, secret\u00e1rios municipais, vereadores e representantes importantes como o Deputado Federal Capit\u00e3o Augusto, a Deputada Estadual Dani Alonso e a Secret\u00e1ria Estadual de Pol\u00edticas para a Mulher, Val\u00e9ria Bolsonaro.<\/p>\n\n\n\n<p><strong>Parceria e Investimento:<\/strong><\/p>\n\n\n\n<p>A Casa da Mulher Paulista \u00e9 fruto de uma colabora\u00e7\u00e3o entre a Prefeitura de Ourinhos e o Governo do Estado de S\u00e3o Paulo, atrav\u00e9s da Secretaria Estadual de Pol\u00edticas para a Mulher. O investimento de R$ 765 mil possibilitou a concretiza\u00e7\u00e3o da 19\u00aa unidade no estado.<\/p>\n\n\n\n<p><strong>Homenagem e Reconhecimento:<\/strong><\/p>\n\n\n\n<p>A conquista da unidade tamb\u00e9m \u00e9 m\u00e9rito da vereadora Raquel Spada, autora do projeto de lei que nomeou a Casa da Mulher Paulista como \u201cS\u00f4nia Maria Piemonte Veltrini\u201d, em homenagem a uma figura feminina de grande import\u00e2ncia para Ourinhos. A vereadora tamb\u00e9m formalizou o pedido de instala\u00e7\u00e3o da Casa no munic\u00edpio. \u201cEsse espa\u00e7o \u00e9 um s\u00edmbolo de respeito e cuidado, oferecendo oportunidades para que as mulheres de Ourinhos alcancem dignidade e autonomia financeira\u201d, destacou Raquel.<\/p>\n\n\n\n<p><strong>Estrutura e Servi\u00e7os:<\/strong><\/p>\n\n\n\n<p>A secret\u00e1ria estadual Val\u00e9ria Bolsonaro elogiou a estrutura da Casa e anunciou a expans\u00e3o do programa para outros munic\u00edpios, com previs\u00e3o de novas inaugura\u00e7\u00f5es e oferta de diversos cursos de capacita\u00e7\u00e3o. Ela tamb\u00e9m parabenizou Ourinhos pela cria\u00e7\u00e3o da Secretaria da Mulher, um diferencial importante.<\/p>\n\n\n\n<p>A Casa da Mulher Paulista oferecer\u00e1 cursos gratuitos para a popula\u00e7\u00e3o em geral e tamb\u00e9m para servidoras municipais, custeados pelo Governo do Estado. A Prefeitura ser\u00e1 respons\u00e1vel pela manuten\u00e7\u00e3o do espa\u00e7o e pelos atendimentos, realizados em conjunto com a Secretaria da Mulher e outras secretarias municipais.<\/p>\n\n\n\n<p>A secret\u00e1ria da Mulher e Fam\u00edlia de Ourinhos, Caroline Marvulli, ressaltou a import\u00e2ncia do novo espa\u00e7o para fortalecer a rede de apoio \u00e0s mulheres da cidade, oferecendo \u201ccuidado, escuta e a oportunidade de recome\u00e7ar\u201d.<\/p>\n\n\n\n<p>O prefeito Guilherme Gon\u00e7alves reafirmou o compromisso da gest\u00e3o com a prote\u00e7\u00e3o e valoriza\u00e7\u00e3o das mulheres, buscando o apoio do Governo do Estado para garantir os servi\u00e7os essenciais.<\/p>\n\n\n\n<p><strong>Servi\u00e7os Oferecidos:<\/strong><\/p>\n\n\n\n<p>A unidade disponibilizar\u00e1 suporte jur\u00eddico, psicol\u00f3gico e emocional, al\u00e9m de cursos gratuitos focados no empreendedorismo feminino, com in\u00edcio j\u00e1 nesta ter\u00e7a-feira (15).<\/p>\n\n\n\n<p><strong>Carreta da Mamografia:<\/strong><\/p>\n\n\n\n<p>Complementando as a\u00e7\u00f5es de apoio \u00e0 mulher, Ourinhos recebe a Carreta da Mamografia a partir de hoje (14), instalada na Pra\u00e7a Mello Peixoto. Ser\u00e3o oferecidos exames gratuitos para o diagn\u00f3stico precoce do c\u00e2ncer de mama, com at\u00e9 50 atendimentos di\u00e1rios, de segunda a s\u00e1bado, por ordem de chegada.<\/p>\n\n\n\n<p><strong>AGENDA DE CURSOS GRATUITOS NA CASA DA MULHER PAULISTA:<\/strong><\/p>\n\n\n\n<p><strong>Local:<\/strong> Av. Get\u00falio Vargas, 1480 <strong>Inscri\u00e7\u00f5es:<\/strong> No local ou online: <a target=\"_blank\" rel=\"noreferrer noopener\" href=\"https:\/\/forms.office.com\/r\/L750P1zjC7\">https:\/\/forms.office.com\/r\/L750P1zjC7<\/a><\/p>\n\n\n\n<ul class=\"wp-block-list\">\n<li><strong>SEBRAE \u2013 WhatsApp para Neg\u00f3cios:<\/strong> Ter\u00e7a-feira, 15\/04, 8h \u00e0s 12h<\/li>\n\n\n\n<li><strong>SEBRAE DELAS \u2013 Seja a Dire\u00e7\u00e3o do Seu Futuro:<\/strong> Quarta-feira, 23\/04, 13h \u00e0s 17h<\/li>\n\n\n\n<li><strong>SEBRAE \u2013 Fa\u00e7a Fluxo de Caixa e Saiba Para Onde Vai Seu Dinheiro:<\/strong> Quinta-feira, 24\/04, 13h \u00e0s 17h<\/li>\n\n\n\n<li><strong>SEBRAE SEJA \u2013 Sa\u00fade Mental: Vamos Conversar?:<\/strong> Sexta-feira, 25\/04, 13h \u00e0s 17h<\/li>\n\n\n\n<li><strong>SENAR \u2013 Aproveitamento Integral dos Alimentos:<\/strong> Ter\u00e7a (15\/04) e Quarta (16\/04), 8h \u00e0s 17h<\/li>\n\n\n\n<li><strong>SENAR \u2013 Artesanato em Folhas:<\/strong> Ter\u00e7a (22\/04) a Sexta (25\/04), 8h \u00e0s 17h<\/li>\n\n\n\n<li><strong>SENAR \u2013 Alimenta\u00e7\u00e3o Saud\u00e1vel:<\/strong> Quarta-feira, 23\/04, 8h \u00e0s 17h<br><\/li>\n<\/ul>\n\n\n\n<figure class=\"wp-block-gallery has-nested-images columns-default is-cropped wp-block-gallery-1 is-layout-flex wp-block-gallery-is-layout-flex\">\n<figure class=\"wp-block-image size-large\"><img decoding=\"async\" width=\"1024\" height=\"819\" data-id=\"5007\" src=\"https:\/\/noticiasregionais.com.br\/wp-content\/uploads\/2025\/04\/WhatsApp-Image-2025-04-14-at-18.05.18-1024x819.jpeg\" alt=\"\" class=\"wp-image-5007\" srcset=\"https:\/\/noticiasregionais.com.br\/wp-content\/uploads\/2025\/04\/WhatsApp-Image-2025-04-14-at-18.05.18-1024x819.jpeg 1024w, https:\/\/noticiasregionais.com.br\/wp-content\/uploads\/2025\/04\/WhatsApp-Image-2025-04-14-at-18.05.18-300x240.jpeg 300w, https:\/\/noticiasregionais.com.br\/wp-content\/uploads\/2025\/04\/WhatsApp-Image-2025-04-14-at-18.05.18-768x614.jpeg 768w, https:\/\/noticiasregionais.com.br\/wp-content\/uploads\/2025\/04\/WhatsApp-Image-2025-04-14-at-18.05.18-1536x1228.jpeg 1536w, https:\/\/noticiasregionais.com.br\/wp-content\/uploads\/2025\/04\/WhatsApp-Image-2025-04-14-at-18.05.18.jpeg 1600w\" sizes=\"(max-width: 1024px) 100vw, 1024px\" \/><\/figure>\n\n\n\n<figure class=\"wp-block-image size-large\"><img decoding=\"async\" width=\"1024\" height=\"819\" data-id=\"5008\" src=\"https:\/\/noticiasregionais.com.br\/wp-content\/uploads\/2025\/04\/WhatsApp-Image-2025-04-14-at-18.05.17-1024x819.jpeg\" alt=\"\" class=\"wp-image-5008\" srcset=\"https:\/\/noticiasregionais.com.br\/wp-content\/uploads\/2025\/04\/WhatsApp-Image-2025-04-14-at-18.05.17-1024x819.jpeg 1024w, https:\/\/noticiasregionais.com.br\/wp-content\/uploads\/2025\/04\/WhatsApp-Image-2025-04-14-at-18.05.17-300x240.jpeg 300w, https:\/\/noticiasregionais.com.br\/wp-content\/uploads\/2025\/04\/WhatsApp-Image-2025-04-14-at-18.05.17-768x614.jpeg 768w, https:\/\/noticiasregionais.com.br\/wp-content\/uploads\/2025\/04\/WhatsApp-Image-2025-04-14-at-18.05.17-1536x1228.jpeg 1536w, https:\/\/noticiasregionais.com.br\/wp-content\/uploads\/2025\/04\/WhatsApp-Image-2025-04-14-at-18.05.17.jpeg 1600w\" sizes=\"(max-width: 1024px) 100vw, 1024px\" \/><\/figure>\n<\/figure>\n<input type=\"hidden\" id=\"baseurl\" value=\"https:\/\/noticiasregionais.com.br\"><input type=\"hidden\" id=\"audio_nonce\" value=\"533fbb67b1\">","protected":false},"excerpt":{"rendered":"<p>Empoderamento feminino, autonomia financeira e acolhimento especializado s\u00e3o os pilares da nova unidade, resultado de parceria entre Prefeitura e Governo&hellip;<\/p>\n","protected":false},"author":1,"featured_media":5005,"comment_status":"closed","ping_status":"open","sticky":false,"template":"","format":"standard","meta":{"sfsi_plus_gutenberg_text_before_share":"","sfsi_plus_gutenberg_show_text_before_share":"","sfsi_plus_gutenberg_icon_type":"","sfsi_plus_gutenberg_icon_alignemt":"","sfsi_plus_gutenburg_max_per_row":"","footnotes":""},"categories":[10,1,5],"tags":[16],"class_list":["post-5004","post","type-post","status-publish","format-standard","has-post-thumbnail","hentry","category-destaques","category-noticias","category-ourinhos","tag-ourinhos"],"_links":{"self":[{"href":"https:\/\/noticiasregionais.com.br\/index.php?rest_route=\/wp\/v2\/posts\/5004","targetHints":{"allow":["GET"]}}],"collection":[{"href":"https:\/\/noticiasregionais.com.br\/index.php?rest_route=\/wp\/v2\/posts"}],"about":[{"href":"https:\/\/noticiasregionais.com.br\/index.php?rest_route=\/wp\/v2\/types\/post"}],"author":[{"embeddable":true,"href":"https:\/\/noticiasregionais.com.br\/index.php?rest_route=\/wp\/v2\/users\/1"}],"replies":[{"embeddable":true,"href":"https:\/\/noticiasregionais.com.br\/index.php?rest_route=%2Fwp%2Fv2%2Fcomments&post=5004"}],"version-history":[{"count":2,"href":"https:\/\/noticiasregionais.com.br\/index.php?rest_route=\/wp\/v2\/posts\/5004\/revisions"}],"predecessor-version":[{"id":5009,"href":"https:\/\/noticiasregionais.com.br\/index.php?rest_route=\/wp\/v2\/posts\/5004\/revisions\/5009"}],"wp:featuredmedia":[{"embeddable":true,"href":"https:\/\/noticiasregionais.com.br\/index.php?rest_route=\/wp\/v2\/media\/5005"}],"wp:attachment":[{"href":"https:\/\/noticiasregionais.com.br\/index.php?rest_route=%2Fwp%2Fv2%2Fmedia&parent=5004"}],"wp:term":[{"taxonomy":"category","embeddable":true,"href":"https:\/\/noticiasregionais.com.br\/index.php?rest_route=%2Fwp%2Fv2%2Fcategories&post=5004"},{"taxonomy":"post_tag","embeddable":true,"href":"https:\/\/noticiasregionais.com.br\/index.php?rest_route=%2Fwp%2Fv2%2Ftags&post=5004"}],"curies":[{"name":"wp","href":"https:\/\/api.w.org\/{rel}","templated":true}]}}