{"id":5010,"date":"2025-04-14T20:18:14","date_gmt":"2025-04-14T23:18:14","guid":{"rendered":"https:\/\/noticiasregionais.com.br\/?p=5010"},"modified":"2025-04-14T20:18:17","modified_gmt":"2025-04-14T23:18:17","slug":"grave-acidente-entre-caminhoes-deixa-dois-mortos-na-br-153-em-ocaucu","status":"publish","type":"post","link":"https:\/\/noticiasregionais.com.br\/?p=5010","title":{"rendered":"Grave acidente entre caminh\u00f5es deixa dois mortos na BR-153, em Ocau\u00e7u"},"content":{"rendered":"\n<p>Um grave acidente foi registrado na tarde desta segunda-feira (14), no km 285 da Rodovia Transbrasiliana (BR-153), na altura do munic\u00edpio de Ocau\u00e7u, interior de S\u00e3o Paulo. A colis\u00e3o frontal envolveu dois caminh\u00f5es e deixou, at\u00e9 o momento, dois motoristas mortos no local e um passageiro ferido, que foi socorrido e encaminhado a uma unidade de sa\u00fade da regi\u00e3o.<\/p>\n\n\n\n<p>As informa\u00e7\u00f5es foram confirmadas por agentes da Pol\u00edcia Rodovi\u00e1ria Federal (PRF), que estiveram no local para atendimento da ocorr\u00eancia. A rodovia est\u00e1 parcialmente interditada e opera em sistema de pare e siga, enquanto as equipes realizam os trabalhos de remo\u00e7\u00e3o dos ve\u00edculos e per\u00edcia t\u00e9cnica.<\/p>\n\n\n\n<p>O acidente aconteceu no sentido Ocau\u00e7u\u2013Mar\u00edlia, em um trecho conhecido por ser de pista simples, o que pode ter contribu\u00eddo para a gravidade da colis\u00e3o. As causas do acidente ainda ser\u00e3o investigadas.<\/p>\n\n\n\n<p>As identidades das v\u00edtimas fatais ainda n\u00e3o foram divulgadas oficialmente, e a PRF aguarda a conclus\u00e3o dos trabalhos periciais. O estado de sa\u00fade do passageiro socorrido tamb\u00e9m n\u00e3o foi informado at\u00e9 o momento. <br><br>Imagens do local ainda s\u00e3o limitadas, j\u00e1 que as equipes de resgate seguem atuando. A PRF orienta os motoristas que trafegam pela regi\u00e3o a redobrar a aten\u00e7\u00e3o e seguir as instru\u00e7\u00f5es dos agentes no local.<\/p>\n\n\n\n<figure class=\"wp-block-image size-large\"><img decoding=\"async\" width=\"1024\" height=\"576\" src=\"https:\/\/noticiasregionais.com.br\/wp-content\/uploads\/2025\/04\/WhatsApp-Image-2025-04-14-at-17.39.51-1024x576.jpeg\" alt=\"\" class=\"wp-image-5012\" srcset=\"https:\/\/noticiasregionais.com.br\/wp-content\/uploads\/2025\/04\/WhatsApp-Image-2025-04-14-at-17.39.51-1024x576.jpeg 1024w, https:\/\/noticiasregionais.com.br\/wp-content\/uploads\/2025\/04\/WhatsApp-Image-2025-04-14-at-17.39.51-300x169.jpeg 300w, https:\/\/noticiasregionais.com.br\/wp-content\/uploads\/2025\/04\/WhatsApp-Image-2025-04-14-at-17.39.51-768x432.jpeg 768w, https:\/\/noticiasregionais.com.br\/wp-content\/uploads\/2025\/04\/WhatsApp-Image-2025-04-14-at-17.39.51-1536x864.jpeg 1536w, https:\/\/noticiasregionais.com.br\/wp-content\/uploads\/2025\/04\/WhatsApp-Image-2025-04-14-at-17.39.51.jpeg 1600w\" sizes=\"(max-width: 1024px) 100vw, 1024px\" \/><\/figure>\n<input type=\"hidden\" id=\"baseurl\" value=\"https:\/\/noticiasregionais.com.br\"><input type=\"hidden\" id=\"audio_nonce\" value=\"533fbb67b1\">","protected":false},"excerpt":{"rendered":"<p>Um grave acidente foi registrado na tarde desta segunda-feira (14), no km 285 da Rodovia Transbrasiliana (BR-153), na altura do&hellip;<\/p>\n","protected":false},"author":1,"featured_media":5011,"comment_status":"closed","ping_status":"open","sticky":false,"template":"","format":"standard","meta":{"sfsi_plus_gutenberg_text_before_share":"","sfsi_plus_gutenberg_show_text_before_share":"","sfsi_plus_gutenberg_icon_type":"","sfsi_plus_gutenberg_icon_alignemt":"","sfsi_plus_gutenburg_max_per_row":"","footnotes":""},"categories":[12,1,6],"tags":[41],"class_list":["post-5010","post","type-post","status-publish","format-standard","has-post-thumbnail","hentry","category-capa","category-noticias","category-sao_paulo","tag-ocaucu"],"_links":{"self":[{"href":"https:\/\/noticiasregionais.com.br\/index.php?rest_route=\/wp\/v2\/posts\/5010","targetHints":{"allow":["GET"]}}],"collection":[{"href":"https:\/\/noticiasregionais.com.br\/index.php?rest_route=\/wp\/v2\/posts"}],"about":[{"href":"https:\/\/noticiasregionais.com.br\/index.php?rest_route=\/wp\/v2\/types\/post"}],"author":[{"embeddable":true,"href":"https:\/\/noticiasregionais.com.br\/index.php?rest_route=\/wp\/v2\/users\/1"}],"replies":[{"embeddable":true,"href":"https:\/\/noticiasregionais.com.br\/index.php?rest_route=%2Fwp%2Fv2%2Fcomments&post=5010"}],"version-history":[{"count":1,"href":"https:\/\/noticiasregionais.com.br\/index.php?rest_route=\/wp\/v2\/posts\/5010\/revisions"}],"predecessor-version":[{"id":5013,"href":"https:\/\/noticiasregionais.com.br\/index.php?rest_route=\/wp\/v2\/posts\/5010\/revisions\/5013"}],"wp:featuredmedia":[{"embeddable":true,"href":"https:\/\/noticiasregionais.com.br\/index.php?rest_route=\/wp\/v2\/media\/5011"}],"wp:attachment":[{"href":"https:\/\/noticiasregionais.com.br\/index.php?rest_route=%2Fwp%2Fv2%2Fmedia&parent=5010"}],"wp:term":[{"taxonomy":"category","embeddable":true,"href":"https:\/\/noticiasregionais.com.br\/index.php?rest_route=%2Fwp%2Fv2%2Fcategories&post=5010"},{"taxonomy":"post_tag","embeddable":true,"href":"https:\/\/noticiasregionais.com.br\/index.php?rest_route=%2Fwp%2Fv2%2Ftags&post=5010"}],"curies":[{"name":"wp","href":"https:\/\/api.w.org\/{rel}","templated":true}]}}