{"id":5018,"date":"2025-04-16T22:37:32","date_gmt":"2025-04-17T01:37:32","guid":{"rendered":"https:\/\/noticiasregionais.com.br\/?p=5018"},"modified":"2025-04-16T22:37:34","modified_gmt":"2025-04-17T01:37:34","slug":"ourinhos-prefeitura-e-sindicato-avancam-em-negociacao-salarial-para-professores","status":"publish","type":"post","link":"https:\/\/noticiasregionais.com.br\/?p=5018","title":{"rendered":"Ourinhos: Prefeitura e Sindicato avan\u00e7am em negocia\u00e7\u00e3o salarial para professores"},"content":{"rendered":"\n<p>Na manh\u00e3 desta ter\u00e7a-feira (15), a Prefeitura de Ourinhos e o Sindicato dos Servidores de Ourinhos (SINSERPO) deram mais um passo nas tratativas sobre a remunera\u00e7\u00e3o dos profissionais da educa\u00e7\u00e3o municipal. Em cumprimento ao que havia sido estabelecido no encontro anterior, a administra\u00e7\u00e3o municipal apresentou uma proposta de ajuste salarial, considerando o atual cen\u00e1rio financeiro do munic\u00edpio.<\/p>\n\n\n\n<p>A proposta formalizada pela Prefeitura consiste em um aumento de 4,5% nos vencimentos dos professores, com efeito retroativo a mar\u00e7o de 2025. As discuss\u00f5es em torno da completa adequa\u00e7\u00e3o salarial ao piso nacional da categoria, incluindo poss\u00edveis impactos decorrentes de mecanismos previstos no Estatuto do Magist\u00e9rio, seguir\u00e3o em aberto. Uma nova reuni\u00e3o entre as partes est\u00e1 agendada para o dia 15 de maio, onde esses pontos ser\u00e3o novamente debatidos.<\/p>\n\n\n\n<p>Representando o poder executivo municipal na reuni\u00e3o, estiveram presentes o procurador-geral Andr\u00e9 Mello, os secret\u00e1rios Roberto Tasca (Gabinete), Heitor Rabelo (Administra\u00e7\u00e3o) e Jefferson Costa (Finan\u00e7as), bem como o diretor do IPMO, Rildo Machado.<\/p>\n<input type=\"hidden\" id=\"baseurl\" value=\"https:\/\/noticiasregionais.com.br\"><input type=\"hidden\" id=\"audio_nonce\" value=\"533fbb67b1\">","protected":false},"excerpt":{"rendered":"<p>Na manh\u00e3 desta ter\u00e7a-feira (15), a Prefeitura de Ourinhos e o Sindicato dos Servidores de Ourinhos (SINSERPO) deram mais um&hellip;<\/p>\n","protected":false},"author":1,"featured_media":5019,"comment_status":"closed","ping_status":"open","sticky":false,"template":"","format":"standard","meta":{"sfsi_plus_gutenberg_text_before_share":"","sfsi_plus_gutenberg_show_text_before_share":"","sfsi_plus_gutenberg_icon_type":"","sfsi_plus_gutenberg_icon_alignemt":"","sfsi_plus_gutenburg_max_per_row":"","footnotes":""},"categories":[5,10,1],"tags":[16],"class_list":["post-5018","post","type-post","status-publish","format-standard","has-post-thumbnail","hentry","category-ourinhos","category-destaques","category-noticias","tag-ourinhos"],"_links":{"self":[{"href":"https:\/\/noticiasregionais.com.br\/index.php?rest_route=\/wp\/v2\/posts\/5018","targetHints":{"allow":["GET"]}}],"collection":[{"href":"https:\/\/noticiasregionais.com.br\/index.php?rest_route=\/wp\/v2\/posts"}],"about":[{"href":"https:\/\/noticiasregionais.com.br\/index.php?rest_route=\/wp\/v2\/types\/post"}],"author":[{"embeddable":true,"href":"https:\/\/noticiasregionais.com.br\/index.php?rest_route=\/wp\/v2\/users\/1"}],"replies":[{"embeddable":true,"href":"https:\/\/noticiasregionais.com.br\/index.php?rest_route=%2Fwp%2Fv2%2Fcomments&post=5018"}],"version-history":[{"count":1,"href":"https:\/\/noticiasregionais.com.br\/index.php?rest_route=\/wp\/v2\/posts\/5018\/revisions"}],"predecessor-version":[{"id":5020,"href":"https:\/\/noticiasregionais.com.br\/index.php?rest_route=\/wp\/v2\/posts\/5018\/revisions\/5020"}],"wp:featuredmedia":[{"embeddable":true,"href":"https:\/\/noticiasregionais.com.br\/index.php?rest_route=\/wp\/v2\/media\/5019"}],"wp:attachment":[{"href":"https:\/\/noticiasregionais.com.br\/index.php?rest_route=%2Fwp%2Fv2%2Fmedia&parent=5018"}],"wp:term":[{"taxonomy":"category","embeddable":true,"href":"https:\/\/noticiasregionais.com.br\/index.php?rest_route=%2Fwp%2Fv2%2Fcategories&post=5018"},{"taxonomy":"post_tag","embeddable":true,"href":"https:\/\/noticiasregionais.com.br\/index.php?rest_route=%2Fwp%2Fv2%2Ftags&post=5018"}],"curies":[{"name":"wp","href":"https:\/\/api.w.org\/{rel}","templated":true}]}}