{"id":5021,"date":"2025-04-16T22:43:27","date_gmt":"2025-04-17T01:43:27","guid":{"rendered":"https:\/\/noticiasregionais.com.br\/?p=5021"},"modified":"2025-04-16T22:43:30","modified_gmt":"2025-04-17T01:43:30","slug":"operacao-semana-santa-2025-da-prf-reforca-a-seguranca-nas-estradas-federais-em-sp","status":"publish","type":"post","link":"https:\/\/noticiasregionais.com.br\/?p=5021","title":{"rendered":"Opera\u00e7\u00e3o Semana Santa 2025 da PRF refor\u00e7a a seguran\u00e7a nas estradas federais em SP"},"content":{"rendered":"\n<p>A Pol\u00edcia Rodovi\u00e1ria Federal (PRF) deflagrou, nesta quinta-feira (17), a Opera\u00e7\u00e3o Semana Santa 2025 nas oito principais rodovias federais que cortam o estado de S\u00e3o Paulo.<\/p>\n\n\n\n<p>A a\u00e7\u00e3o, que se estender\u00e1 at\u00e9 a pr\u00f3xima segunda-feira (21), tem como principal objetivo a diminui\u00e7\u00e3o do n\u00famero de acidentes e o aumento da seguran\u00e7a vi\u00e1ria durante o per\u00edodo de maior movimento nas estradas devido ao feriado prolongado.<\/p>\n\n\n\n<p>Durante a opera\u00e7\u00e3o, a PRF intensificar\u00e1 a fiscaliza\u00e7\u00e3o em trechos cr\u00edticos, com foco em comportamentos de risco como velocidade excessiva, ultrapassagens proibidas, uso indevido do celular ao dirigir, consumo de \u00e1lcool e transporte inadequado de crian\u00e7as.<\/p>\n\n\n\n<p>As a\u00e7\u00f5es de seguran\u00e7a tamb\u00e9m ser\u00e3o direcionadas a motociclistas, condutores de ve\u00edculos de carga e \u00f4nibus.<\/p>\n\n\n\n<p>Al\u00e9m do patrulhamento ostensivo, a PRF promover\u00e1 atividades educativas em pontos estrat\u00e9gicos das rodovias. Entre elas, o projeto Cinema Rodovi\u00e1rio, que exibir\u00e1 v\u00eddeos educativos para os ocupantes dos ve\u00edculos abordados, e palestras de conscientiza\u00e7\u00e3o para motoristas, abordando as condutas que mais contribuem para acidentes nas estradas.<\/p>\n\n\n\n<p>O planejamento da opera\u00e7\u00e3o considerou a an\u00e1lise de dados de acidentes registrados em anos anteriores pela PRF, que apontam que aproximadamente metade dos sinistros graves poderiam ser evitados com maior aten\u00e7\u00e3o dos condutores.<\/p>\n\n\n\n<p><strong>Restri\u00e7\u00e3o de Tr\u00e1fego para Ve\u00edculos de Carga Especiais<\/strong><\/p>\n\n\n\n<p>Nos dias de maior fluxo da Opera\u00e7\u00e3o Semana Santa, haver\u00e1 restri\u00e7\u00e3o de circula\u00e7\u00e3o para ve\u00edculos de carga com dimens\u00f5es que excedam os limites regulamentares em rodovias federais de pista simples. Essa medida ser\u00e1 aplicada na BR-153, nos trechos de Mar\u00edlia e S\u00e3o Jos\u00e9 do Rio Preto, na BR-101, no trecho de Ubatuba, e na BR-459, no trecho de Lorena.<\/p>\n\n\n\n<p>A restri\u00e7\u00e3o tem como finalidade otimizar o fluxo de ve\u00edculos e aumentar a seguran\u00e7a de todos os usu\u00e1rios das rodovias.<\/p>\n\n\n\n<p><strong>Confira os dias e hor\u00e1rios da restri\u00e7\u00e3o:<\/strong><\/p>\n\n\n\n<ul class=\"wp-block-list\">\n<li>Quinta-feira (17\/04): das 16h \u00e0s 22h<\/li>\n\n\n\n<li>Sexta-feira (18\/04): das 06h \u00e0s 12h<\/li>\n\n\n\n<li>Segunda-feira (21\/04): das 16h \u00e0s 22h<\/li>\n<\/ul>\n\n\n\n<p>A restri\u00e7\u00e3o abrange ve\u00edculos ou combina\u00e7\u00f5es de ve\u00edculos que necessitem de Autoriza\u00e7\u00e3o Especial de Tr\u00e2nsito (AET) ou Autoriza\u00e7\u00e3o Espec\u00edfica (AE) e que ultrapassem os seguintes limites:<\/p>\n\n\n\n<ul class=\"wp-block-list\">\n<li>2,6 metros de largura<\/li>\n\n\n\n<li>4,4 metros de altura<\/li>\n\n\n\n<li>19,8 metros de comprimento<\/li>\n\n\n\n<li>58,5 toneladas de Peso Bruto Total Combinado (PBTC)<\/li>\n<\/ul>\n\n\n\n<p>O n\u00e3o cumprimento desta norma \u00e9 considerado infra\u00e7\u00e3o de tr\u00e2nsito, sujeita a multa e reten\u00e7\u00e3o do ve\u00edculo.<\/p>\n\n\n\n<p><strong>Dicas da PRF para uma Viagem Segura<\/strong><\/p>\n\n\n\n<p>A PRF recomenda aos motoristas a ado\u00e7\u00e3o de algumas precau\u00e7\u00f5es para garantir uma viagem mais segura durante o feriado:<\/p>\n\n\n\n<ul class=\"wp-block-list\">\n<li>Fa\u00e7a uma revis\u00e3o completa do ve\u00edculo antes de pegar a estrada, verificando pneus, freios, parte el\u00e9trica, \u00f3leo e itens obrigat\u00f3rios.<\/li>\n\n\n\n<li>Planeje seu trajeto e evite os hor\u00e1rios de pico.<\/li>\n\n\n\n<li>Respeite rigorosamente a sinaliza\u00e7\u00e3o de tr\u00e2nsito e os limites de velocidade estabelecidos.<\/li>\n\n\n\n<li>N\u00e3o dirija sob a influ\u00eancia de \u00e1lcool ou outras subst\u00e2ncias que alterem a capacidade de dirigir.<\/li>\n\n\n\n<li>Utilize o cinto de seguran\u00e7a em todos os assentos do ve\u00edculo e utilize os dispositivos de reten\u00e7\u00e3o adequados para crian\u00e7as.<\/li>\n\n\n\n<li>Evite ultrapassagens em locais proibidos e mantenha uma dist\u00e2ncia segura do ve\u00edculo da frente.<\/li>\n\n\n\n<li>Descanse adequadamente antes de iniciar a viagem e fa\u00e7a paradas regulares para descanso durante o percurso.<\/li>\n<\/ul>\n\n\n\n<p>A PRF estar\u00e1 presente em pontos estrat\u00e9gicos das rodovias federais de S\u00e3o Paulo para assegurar um feriado mais seguro para todos. Em caso de emerg\u00eancia, o telefone 191 est\u00e1 dispon\u00edvel para acionamento.<\/p>\n<input type=\"hidden\" id=\"baseurl\" value=\"https:\/\/noticiasregionais.com.br\"><input type=\"hidden\" id=\"audio_nonce\" value=\"3cdc555a10\">","protected":false},"excerpt":{"rendered":"<p>A Pol\u00edcia Rodovi\u00e1ria Federal (PRF) deflagrou, nesta quinta-feira (17), a Opera\u00e7\u00e3o Semana Santa 2025 nas oito principais rodovias federais que&hellip;<\/p>\n","protected":false},"author":1,"featured_media":5022,"comment_status":"closed","ping_status":"open","sticky":false,"template":"","format":"standard","meta":{"sfsi_plus_gutenberg_text_before_share":"","sfsi_plus_gutenberg_show_text_before_share":"","sfsi_plus_gutenberg_icon_type":"","sfsi_plus_gutenberg_icon_alignemt":"","sfsi_plus_gutenburg_max_per_row":"","footnotes":""},"categories":[6,12,1],"tags":[],"class_list":["post-5021","post","type-post","status-publish","format-standard","has-post-thumbnail","hentry","category-sao_paulo","category-capa","category-noticias"],"_links":{"self":[{"href":"https:\/\/noticiasregionais.com.br\/index.php?rest_route=\/wp\/v2\/posts\/5021","targetHints":{"allow":["GET"]}}],"collection":[{"href":"https:\/\/noticiasregionais.com.br\/index.php?rest_route=\/wp\/v2\/posts"}],"about":[{"href":"https:\/\/noticiasregionais.com.br\/index.php?rest_route=\/wp\/v2\/types\/post"}],"author":[{"embeddable":true,"href":"https:\/\/noticiasregionais.com.br\/index.php?rest_route=\/wp\/v2\/users\/1"}],"replies":[{"embeddable":true,"href":"https:\/\/noticiasregionais.com.br\/index.php?rest_route=%2Fwp%2Fv2%2Fcomments&post=5021"}],"version-history":[{"count":1,"href":"https:\/\/noticiasregionais.com.br\/index.php?rest_route=\/wp\/v2\/posts\/5021\/revisions"}],"predecessor-version":[{"id":5023,"href":"https:\/\/noticiasregionais.com.br\/index.php?rest_route=\/wp\/v2\/posts\/5021\/revisions\/5023"}],"wp:featuredmedia":[{"embeddable":true,"href":"https:\/\/noticiasregionais.com.br\/index.php?rest_route=\/wp\/v2\/media\/5022"}],"wp:attachment":[{"href":"https:\/\/noticiasregionais.com.br\/index.php?rest_route=%2Fwp%2Fv2%2Fmedia&parent=5021"}],"wp:term":[{"taxonomy":"category","embeddable":true,"href":"https:\/\/noticiasregionais.com.br\/index.php?rest_route=%2Fwp%2Fv2%2Fcategories&post=5021"},{"taxonomy":"post_tag","embeddable":true,"href":"https:\/\/noticiasregionais.com.br\/index.php?rest_route=%2Fwp%2Fv2%2Ftags&post=5021"}],"curies":[{"name":"wp","href":"https:\/\/api.w.org\/{rel}","templated":true}]}}