{"id":5024,"date":"2025-04-17T16:47:34","date_gmt":"2025-04-17T19:47:34","guid":{"rendered":"https:\/\/noticiasregionais.com.br\/?p=5024"},"modified":"2025-04-17T16:47:37","modified_gmt":"2025-04-17T19:47:37","slug":"equipe-baila-comigo-promove-dois-grandes-bailes-no-final-de-semana-de-pascoa-em-ourinhos","status":"publish","type":"post","link":"https:\/\/noticiasregionais.com.br\/?p=5024","title":{"rendered":"Equipe Baila Comigo promove dois grandes bailes no final de semana de P\u00e1scoa em Ourinhos"},"content":{"rendered":"\n<p>Os apaixonados por m\u00fasica e dan\u00e7a j\u00e1 t\u00eam destino certo no feriado de P\u00e1scoa: o tradicional Clube AECO ser\u00e1 palco de dois grandes bailes promovidos pela Equipe Baila Comigo, prometendo agitar o final de semana com muita alegria, ritmo e divers\u00e3o.<\/p>\n\n\n\n<p>A programa\u00e7\u00e3o come\u00e7a no <strong>s\u00e1bado, dia 19 de abril<\/strong>, com o <strong>Bail\u00e3o de S\u00e1bado de Aleluia<\/strong>, que ter\u00e1 como atra\u00e7\u00e3o principal a <strong>JB &amp; Banda \u2013 Os Tops do Bail\u00e3o<\/strong>. Conhecidos por sua presen\u00e7a contagiante e repert\u00f3rio que mistura forr\u00f3, sertanejo e sucessos da m\u00fasica popular, o grupo \u00e9 presen\u00e7a garantida em grandes eventos da regi\u00e3o e promete uma noite animada para todas as idades.<\/p>\n\n\n\n<p>J\u00e1 no <strong>domingo, 20 de abril<\/strong>, \u00e9 a vez da dupla <strong>Marcos &amp; Edson<\/strong> subir ao palco no imperd\u00edvel <strong>Bail\u00e3o de P\u00e1scoa<\/strong>. Com carisma, talento e um repert\u00f3rio que passeia por mod\u00f5es, sertanejo raiz e hits atuais, a dupla promete emocionar e colocar o p\u00fablico para dan\u00e7ar at\u00e9 o fim da noite.<\/p>\n\n\n\n<p>Os dois eventos est\u00e3o marcados para come\u00e7ar \u00e0s <strong>21h<\/strong> e acontecer\u00e3o no <strong>Clube AECO<\/strong>, localizado na <strong>Rua Maranh\u00e3o, 425 \u2013 Ourinhos-SP<\/strong>, um espa\u00e7o j\u00e1 consagrado por receber festas que re\u00fanem fam\u00edlias, casais e grupos de amigos em clima de confraterniza\u00e7\u00e3o.<\/p>\n\n\n\n<p><strong>Ingressos com pre\u00e7o especial antecipado<\/strong><\/p>\n\n\n\n<p>Uma das grandes novidades para esta edi\u00e7\u00e3o dos bailes \u00e9 a <strong>promo\u00e7\u00e3o exclusiva para quem adquirir ingressos antecipados para os dois dias de evento<\/strong>. Al\u00e9m de garantir a presen\u00e7a nas duas festas, o p\u00fablico ainda poder\u00e1 economizar, aproveitando o combo promocional oferecido pela organiza\u00e7\u00e3o.<\/p>\n\n\n\n<p><strong>Informa\u00e7\u00f5es e reservas<\/strong><\/p>\n\n\n\n<p>Para mais informa\u00e7\u00f5es, reservas de mesas ou compra antecipada de ingressos, os interessados podem entrar em contato pelo telefone <strong>(14) 99799-6611<\/strong>. Como a expectativa \u00e9 de grande p\u00fablico, especialmente em raz\u00e3o do feriado prolongado, a organiza\u00e7\u00e3o recomenda que os ingressos sejam garantidos com anteced\u00eancia.<\/p>\n\n\n\n<p><strong>Tradi\u00e7\u00e3o e anima\u00e7\u00e3o no mesmo lugar<\/strong><\/p>\n\n\n\n<p>A Equipe Baila Comigo \u00e9 reconhecida na regi\u00e3o por promover eventos que resgatam a ess\u00eancia dos bailes tradicionais, com um ambiente familiar, seguro e animado. Os bailes no AECO se consolidaram como refer\u00eancia cultural e social, atraindo tanto o p\u00fablico local quanto visitantes de cidades vizinhas.<\/p>\n\n\n\n<p>Portanto, se voc\u00ea busca um programa animado para o feriado de P\u00e1scoa, com boa m\u00fasica, dan\u00e7a e aquele clima gostoso de interior, <strong>os bailes de s\u00e1bado e domingo no AECO s\u00e3o a pedida certa!<\/strong><\/p>\n\n\n\n<figure class=\"wp-block-gallery has-nested-images columns-4 is-cropped wp-block-gallery-1 is-layout-flex wp-block-gallery-is-layout-flex\">\n<figure class=\"wp-block-image size-large\"><a href=\"https:\/\/noticiasregionais.com.br\/wp-content\/uploads\/2025\/04\/Imagem-do-WhatsApp-de-2025-04-16-as-10.28.54_c7bf3e7b.jpg\"><img decoding=\"async\" width=\"566\" height=\"1024\" data-id=\"5033\" src=\"https:\/\/noticiasregionais.com.br\/wp-content\/uploads\/2025\/04\/Imagem-do-WhatsApp-de-2025-04-16-as-10.28.54_c7bf3e7b-566x1024.jpg\" alt=\"\" class=\"wp-image-5033\" srcset=\"https:\/\/noticiasregionais.com.br\/wp-content\/uploads\/2025\/04\/Imagem-do-WhatsApp-de-2025-04-16-as-10.28.54_c7bf3e7b-566x1024.jpg 566w, https:\/\/noticiasregionais.com.br\/wp-content\/uploads\/2025\/04\/Imagem-do-WhatsApp-de-2025-04-16-as-10.28.54_c7bf3e7b-166x300.jpg 166w, https:\/\/noticiasregionais.com.br\/wp-content\/uploads\/2025\/04\/Imagem-do-WhatsApp-de-2025-04-16-as-10.28.54_c7bf3e7b.jpg 720w\" sizes=\"(max-width: 566px) 100vw, 566px\" \/><\/a><\/figure>\n\n\n\n<figure class=\"wp-block-image size-large\"><a href=\"https:\/\/noticiasregionais.com.br\/wp-content\/uploads\/2025\/04\/Imagem-do-WhatsApp-de-2025-04-17-as-12.24.42_5c5d501b-rotated.jpg\"><img decoding=\"async\" width=\"1024\" height=\"576\" data-id=\"5026\" src=\"https:\/\/noticiasregionais.com.br\/wp-content\/uploads\/2025\/04\/Imagem-do-WhatsApp-de-2025-04-17-as-12.24.42_5c5d501b-1024x576.jpg\" alt=\"\" class=\"wp-image-5026\" srcset=\"https:\/\/noticiasregionais.com.br\/wp-content\/uploads\/2025\/04\/Imagem-do-WhatsApp-de-2025-04-17-as-12.24.42_5c5d501b-1024x576.jpg 1024w, https:\/\/noticiasregionais.com.br\/wp-content\/uploads\/2025\/04\/Imagem-do-WhatsApp-de-2025-04-17-as-12.24.42_5c5d501b-300x169.jpg 300w, https:\/\/noticiasregionais.com.br\/wp-content\/uploads\/2025\/04\/Imagem-do-WhatsApp-de-2025-04-17-as-12.24.42_5c5d501b-768x432.jpg 768w, https:\/\/noticiasregionais.com.br\/wp-content\/uploads\/2025\/04\/Imagem-do-WhatsApp-de-2025-04-17-as-12.24.42_5c5d501b-1536x864.jpg 1536w, https:\/\/noticiasregionais.com.br\/wp-content\/uploads\/2025\/04\/Imagem-do-WhatsApp-de-2025-04-17-as-12.24.42_5c5d501b-rotated.jpg 1920w\" sizes=\"(max-width: 1024px) 100vw, 1024px\" \/><\/a><\/figure>\n\n\n\n<figure class=\"wp-block-image size-large\"><a href=\"https:\/\/noticiasregionais.com.br\/wp-content\/uploads\/2025\/04\/Imagem-do-WhatsApp-de-2025-04-17-as-12.24.42_c025db90.jpg\"><img decoding=\"async\" width=\"520\" height=\"1024\" data-id=\"5027\" src=\"https:\/\/noticiasregionais.com.br\/wp-content\/uploads\/2025\/04\/Imagem-do-WhatsApp-de-2025-04-17-as-12.24.42_c025db90-520x1024.jpg\" alt=\"\" class=\"wp-image-5027\" srcset=\"https:\/\/noticiasregionais.com.br\/wp-content\/uploads\/2025\/04\/Imagem-do-WhatsApp-de-2025-04-17-as-12.24.42_c025db90-520x1024.jpg 520w, https:\/\/noticiasregionais.com.br\/wp-content\/uploads\/2025\/04\/Imagem-do-WhatsApp-de-2025-04-17-as-12.24.42_c025db90-152x300.jpg 152w, https:\/\/noticiasregionais.com.br\/wp-content\/uploads\/2025\/04\/Imagem-do-WhatsApp-de-2025-04-17-as-12.24.42_c025db90-768x1514.jpg 768w, https:\/\/noticiasregionais.com.br\/wp-content\/uploads\/2025\/04\/Imagem-do-WhatsApp-de-2025-04-17-as-12.24.42_c025db90-779x1536.jpg 779w, https:\/\/noticiasregionais.com.br\/wp-content\/uploads\/2025\/04\/Imagem-do-WhatsApp-de-2025-04-17-as-12.24.42_c025db90.jpg 1039w\" sizes=\"(max-width: 520px) 100vw, 520px\" \/><\/a><\/figure>\n\n\n\n<figure class=\"wp-block-image size-large\"><a href=\"https:\/\/noticiasregionais.com.br\/wp-content\/uploads\/2025\/04\/Imagem-do-WhatsApp-de-2025-04-16-as-10.28.54_c18cc764.jpg\"><img decoding=\"async\" width=\"816\" height=\"1024\" data-id=\"5034\" src=\"https:\/\/noticiasregionais.com.br\/wp-content\/uploads\/2025\/04\/Imagem-do-WhatsApp-de-2025-04-16-as-10.28.54_c18cc764-816x1024.jpg\" alt=\"\" class=\"wp-image-5034\" srcset=\"https:\/\/noticiasregionais.com.br\/wp-content\/uploads\/2025\/04\/Imagem-do-WhatsApp-de-2025-04-16-as-10.28.54_c18cc764-816x1024.jpg 816w, https:\/\/noticiasregionais.com.br\/wp-content\/uploads\/2025\/04\/Imagem-do-WhatsApp-de-2025-04-16-as-10.28.54_c18cc764-239x300.jpg 239w, https:\/\/noticiasregionais.com.br\/wp-content\/uploads\/2025\/04\/Imagem-do-WhatsApp-de-2025-04-16-as-10.28.54_c18cc764-768x964.jpg 768w, https:\/\/noticiasregionais.com.br\/wp-content\/uploads\/2025\/04\/Imagem-do-WhatsApp-de-2025-04-16-as-10.28.54_c18cc764.jpg 980w\" sizes=\"(max-width: 816px) 100vw, 816px\" \/><\/a><\/figure>\n\n\n\n<figure class=\"wp-block-image size-large\"><a href=\"https:\/\/noticiasregionais.com.br\/wp-content\/uploads\/2025\/04\/Imagem-do-WhatsApp-de-2025-04-17-as-12.24.41_aff5a9c7.jpg\"><img decoding=\"async\" width=\"1024\" height=\"768\" data-id=\"5028\" src=\"https:\/\/noticiasregionais.com.br\/wp-content\/uploads\/2025\/04\/Imagem-do-WhatsApp-de-2025-04-17-as-12.24.41_aff5a9c7-1024x768.jpg\" alt=\"\" class=\"wp-image-5028\" srcset=\"https:\/\/noticiasregionais.com.br\/wp-content\/uploads\/2025\/04\/Imagem-do-WhatsApp-de-2025-04-17-as-12.24.41_aff5a9c7-1024x768.jpg 1024w, https:\/\/noticiasregionais.com.br\/wp-content\/uploads\/2025\/04\/Imagem-do-WhatsApp-de-2025-04-17-as-12.24.41_aff5a9c7-300x225.jpg 300w, https:\/\/noticiasregionais.com.br\/wp-content\/uploads\/2025\/04\/Imagem-do-WhatsApp-de-2025-04-17-as-12.24.41_aff5a9c7-768x576.jpg 768w, https:\/\/noticiasregionais.com.br\/wp-content\/uploads\/2025\/04\/Imagem-do-WhatsApp-de-2025-04-17-as-12.24.41_aff5a9c7.jpg 1080w\" sizes=\"(max-width: 1024px) 100vw, 1024px\" \/><\/a><\/figure>\n\n\n\n<figure class=\"wp-block-image size-large\"><a href=\"https:\/\/noticiasregionais.com.br\/wp-content\/uploads\/2025\/04\/Imagem-do-WhatsApp-de-2025-04-17-as-12.24.39_4f97a8d7.jpg\"><img decoding=\"async\" width=\"723\" height=\"1024\" data-id=\"5030\" src=\"https:\/\/noticiasregionais.com.br\/wp-content\/uploads\/2025\/04\/Imagem-do-WhatsApp-de-2025-04-17-as-12.24.39_4f97a8d7-723x1024.jpg\" alt=\"\" class=\"wp-image-5030\" srcset=\"https:\/\/noticiasregionais.com.br\/wp-content\/uploads\/2025\/04\/Imagem-do-WhatsApp-de-2025-04-17-as-12.24.39_4f97a8d7-723x1024.jpg 723w, https:\/\/noticiasregionais.com.br\/wp-content\/uploads\/2025\/04\/Imagem-do-WhatsApp-de-2025-04-17-as-12.24.39_4f97a8d7-212x300.jpg 212w, https:\/\/noticiasregionais.com.br\/wp-content\/uploads\/2025\/04\/Imagem-do-WhatsApp-de-2025-04-17-as-12.24.39_4f97a8d7-768x1088.jpg 768w, https:\/\/noticiasregionais.com.br\/wp-content\/uploads\/2025\/04\/Imagem-do-WhatsApp-de-2025-04-17-as-12.24.39_4f97a8d7.jpg 1080w\" sizes=\"(max-width: 723px) 100vw, 723px\" \/><\/a><\/figure>\n\n\n\n<figure class=\"wp-block-image size-large\"><a href=\"https:\/\/noticiasregionais.com.br\/wp-content\/uploads\/2025\/04\/Imagem-do-WhatsApp-de-2025-04-17-as-12.24.38_1b4b7c29.jpg\"><img decoding=\"async\" width=\"1024\" height=\"768\" data-id=\"5029\" src=\"https:\/\/noticiasregionais.com.br\/wp-content\/uploads\/2025\/04\/Imagem-do-WhatsApp-de-2025-04-17-as-12.24.38_1b4b7c29-1024x768.jpg\" alt=\"\" class=\"wp-image-5029\" srcset=\"https:\/\/noticiasregionais.com.br\/wp-content\/uploads\/2025\/04\/Imagem-do-WhatsApp-de-2025-04-17-as-12.24.38_1b4b7c29-1024x768.jpg 1024w, https:\/\/noticiasregionais.com.br\/wp-content\/uploads\/2025\/04\/Imagem-do-WhatsApp-de-2025-04-17-as-12.24.38_1b4b7c29-300x225.jpg 300w, https:\/\/noticiasregionais.com.br\/wp-content\/uploads\/2025\/04\/Imagem-do-WhatsApp-de-2025-04-17-as-12.24.38_1b4b7c29-768x576.jpg 768w, https:\/\/noticiasregionais.com.br\/wp-content\/uploads\/2025\/04\/Imagem-do-WhatsApp-de-2025-04-17-as-12.24.38_1b4b7c29.jpg 1080w\" sizes=\"(max-width: 1024px) 100vw, 1024px\" \/><\/a><\/figure>\n\n\n\n<figure class=\"wp-block-image size-large\"><a href=\"https:\/\/noticiasregionais.com.br\/wp-content\/uploads\/2025\/04\/Imagem-do-WhatsApp-de-2025-04-17-as-12.24.39_8b7a4428.jpg\"><img decoding=\"async\" width=\"696\" height=\"1024\" data-id=\"5031\" src=\"https:\/\/noticiasregionais.com.br\/wp-content\/uploads\/2025\/04\/Imagem-do-WhatsApp-de-2025-04-17-as-12.24.39_8b7a4428-696x1024.jpg\" alt=\"\" class=\"wp-image-5031\" srcset=\"https:\/\/noticiasregionais.com.br\/wp-content\/uploads\/2025\/04\/Imagem-do-WhatsApp-de-2025-04-17-as-12.24.39_8b7a4428-696x1024.jpg 696w, https:\/\/noticiasregionais.com.br\/wp-content\/uploads\/2025\/04\/Imagem-do-WhatsApp-de-2025-04-17-as-12.24.39_8b7a4428-204x300.jpg 204w, https:\/\/noticiasregionais.com.br\/wp-content\/uploads\/2025\/04\/Imagem-do-WhatsApp-de-2025-04-17-as-12.24.39_8b7a4428-768x1129.jpg 768w, https:\/\/noticiasregionais.com.br\/wp-content\/uploads\/2025\/04\/Imagem-do-WhatsApp-de-2025-04-17-as-12.24.39_8b7a4428-1045x1536.jpg 1045w, https:\/\/noticiasregionais.com.br\/wp-content\/uploads\/2025\/04\/Imagem-do-WhatsApp-de-2025-04-17-as-12.24.39_8b7a4428.jpg 1080w\" sizes=\"(max-width: 696px) 100vw, 696px\" \/><\/a><\/figure>\n\n\n\n<figure class=\"wp-block-image size-large\"><a href=\"https:\/\/noticiasregionais.com.br\/wp-content\/uploads\/2025\/04\/Imagem-do-WhatsApp-de-2025-04-17-as-12.24.38_c0690c48.jpg\"><img decoding=\"async\" width=\"1024\" height=\"636\" data-id=\"5032\" src=\"https:\/\/noticiasregionais.com.br\/wp-content\/uploads\/2025\/04\/Imagem-do-WhatsApp-de-2025-04-17-as-12.24.38_c0690c48-1024x636.jpg\" alt=\"\" class=\"wp-image-5032\" srcset=\"https:\/\/noticiasregionais.com.br\/wp-content\/uploads\/2025\/04\/Imagem-do-WhatsApp-de-2025-04-17-as-12.24.38_c0690c48-1024x636.jpg 1024w, https:\/\/noticiasregionais.com.br\/wp-content\/uploads\/2025\/04\/Imagem-do-WhatsApp-de-2025-04-17-as-12.24.38_c0690c48-300x186.jpg 300w, https:\/\/noticiasregionais.com.br\/wp-content\/uploads\/2025\/04\/Imagem-do-WhatsApp-de-2025-04-17-as-12.24.38_c0690c48-768x477.jpg 768w, https:\/\/noticiasregionais.com.br\/wp-content\/uploads\/2025\/04\/Imagem-do-WhatsApp-de-2025-04-17-as-12.24.38_c0690c48.jpg 1080w\" sizes=\"(max-width: 1024px) 100vw, 1024px\" \/><\/a><\/figure>\n<\/figure>\n<input type=\"hidden\" id=\"baseurl\" value=\"https:\/\/noticiasregionais.com.br\"><input type=\"hidden\" id=\"audio_nonce\" value=\"533fbb67b1\">","protected":false},"excerpt":{"rendered":"<p>Os apaixonados por m\u00fasica e dan\u00e7a j\u00e1 t\u00eam destino certo no feriado de P\u00e1scoa: o tradicional Clube AECO ser\u00e1 palco&hellip;<\/p>\n","protected":false},"author":1,"featured_media":5025,"comment_status":"closed","ping_status":"open","sticky":false,"template":"","format":"standard","meta":{"sfsi_plus_gutenberg_text_before_share":"","sfsi_plus_gutenberg_show_text_before_share":"","sfsi_plus_gutenberg_icon_type":"","sfsi_plus_gutenberg_icon_alignemt":"","sfsi_plus_gutenburg_max_per_row":"","footnotes":""},"categories":[5,12,1],"tags":[16],"class_list":["post-5024","post","type-post","status-publish","format-standard","has-post-thumbnail","hentry","category-ourinhos","category-capa","category-noticias","tag-ourinhos"],"_links":{"self":[{"href":"https:\/\/noticiasregionais.com.br\/index.php?rest_route=\/wp\/v2\/posts\/5024","targetHints":{"allow":["GET"]}}],"collection":[{"href":"https:\/\/noticiasregionais.com.br\/index.php?rest_route=\/wp\/v2\/posts"}],"about":[{"href":"https:\/\/noticiasregionais.com.br\/index.php?rest_route=\/wp\/v2\/types\/post"}],"author":[{"embeddable":true,"href":"https:\/\/noticiasregionais.com.br\/index.php?rest_route=\/wp\/v2\/users\/1"}],"replies":[{"embeddable":true,"href":"https:\/\/noticiasregionais.com.br\/index.php?rest_route=%2Fwp%2Fv2%2Fcomments&post=5024"}],"version-history":[{"count":1,"href":"https:\/\/noticiasregionais.com.br\/index.php?rest_route=\/wp\/v2\/posts\/5024\/revisions"}],"predecessor-version":[{"id":5035,"href":"https:\/\/noticiasregionais.com.br\/index.php?rest_route=\/wp\/v2\/posts\/5024\/revisions\/5035"}],"wp:featuredmedia":[{"embeddable":true,"href":"https:\/\/noticiasregionais.com.br\/index.php?rest_route=\/wp\/v2\/media\/5025"}],"wp:attachment":[{"href":"https:\/\/noticiasregionais.com.br\/index.php?rest_route=%2Fwp%2Fv2%2Fmedia&parent=5024"}],"wp:term":[{"taxonomy":"category","embeddable":true,"href":"https:\/\/noticiasregionais.com.br\/index.php?rest_route=%2Fwp%2Fv2%2Fcategories&post=5024"},{"taxonomy":"post_tag","embeddable":true,"href":"https:\/\/noticiasregionais.com.br\/index.php?rest_route=%2Fwp%2Fv2%2Ftags&post=5024"}],"curies":[{"name":"wp","href":"https:\/\/api.w.org\/{rel}","templated":true}]}}