{"id":503,"date":"2023-09-20T19:24:13","date_gmt":"2023-09-20T22:24:13","guid":{"rendered":"https:\/\/noticiasregionais.com.br\/?p=503"},"modified":"2023-09-20T19:26:46","modified_gmt":"2023-09-20T22:26:46","slug":"ace-ourinhos-recebe-homenagem-do-ciesp-alta-paulista-pelos-90-anos-de-fundacao","status":"publish","type":"post","link":"https:\/\/noticiasregionais.com.br\/?p=503","title":{"rendered":"ACE Ourinhos recebe homenagem do CIESP Alta Paulista pelos 90 anos de funda\u00e7\u00e3o"},"content":{"rendered":"\n<p class=\"has-text-align-center\"><sub>Na foto Rodrigo Garla, vice- diretor do Ciesp, Robson Martuchi, presidente da ACE Ourinhos, Jos\u00e9 Ricardo Raymundo, vice-diretor e Silvio Z\u00edlio, diretor titular do Ciesp Alta Paulista<\/sub><\/p>\n\n\n\n<p>A grandeza dos 90 anos de atividades da ACE Ourinhos foi reconhecida e ganhou homenagem do CIESP Alta Paulista (Centro das Ind\u00fastrias do Estado de S\u00e3o Paulo), durante evento realizado no \u00faltimo s\u00e1bado (16).<\/p>\n\n\n\n<p>Robson Martuchi, presidente da ACE Ourinhos, esteve na cerim\u00f4nia, que contou com a presen\u00e7a de centenas de empres\u00e1rios. \u201cEstamos honrados com essa homenagem. A ACE tem papel fundamental para Ourinhos e esteve presente apoiando, realizando e incentivando todas as grandes a\u00e7\u00f5es que resultaram no desenvolvimento de Ourinhos\u201d.<\/p>\n\n\n\n<p>O encontro promovido pela CIESP foi o XX Jantar da Ind\u00fastria e propiciou uma experi\u00eancia verdadeiramente \u00fanica, repleta de inspira\u00e7\u00e3o e conex\u00f5es. \u201cEstamos honrados com a homenagem. O jantar foi um momento importante para falarmos sobre as perspectivas do cen\u00e1rio econ\u00f4mico, neg\u00f3cios e tamb\u00e9m criarmos conex\u00f5es\u201d, ressaltou o presidente.<\/p>\n\n\n\n<p>A ACE Ourinhos completou 90 anos de atividades neste ano e continua sendo fundamental para o desenvolvimento comercial e empresarial do munic\u00edpio. \u201cSeguimos fortes e com grandes planos. Nossa miss\u00e3o \u00e9 fomentar o com\u00e9rcio e as atividades empresariais, disponibilizando servi\u00e7os e produtos que agregam e tamb\u00e9m criando oportunidades, inova\u00e7\u00e3o e parcerias\u201d, finalizou Martuchi.<\/p>\n\n\n\n<p><sub>fonte: Assessoria de Comunica\u00e7\u00e3o da ACEO<\/sub><\/p>\n<input type=\"hidden\" id=\"baseurl\" value=\"https:\/\/noticiasregionais.com.br\"><input type=\"hidden\" id=\"audio_nonce\" value=\"533fbb67b1\">","protected":false},"excerpt":{"rendered":"<p>Na foto Rodrigo Garla, vice- diretor do Ciesp, Robson Martuchi, presidente da ACE Ourinhos, Jos\u00e9 Ricardo Raymundo, vice-diretor e Silvio&hellip;<\/p>\n","protected":false},"author":1,"featured_media":506,"comment_status":"closed","ping_status":"open","sticky":false,"template":"","format":"standard","meta":{"sfsi_plus_gutenberg_text_before_share":"","sfsi_plus_gutenberg_show_text_before_share":"","sfsi_plus_gutenberg_icon_type":"","sfsi_plus_gutenberg_icon_alignemt":"","sfsi_plus_gutenburg_max_per_row":"","footnotes":""},"categories":[5,12,1],"tags":[],"class_list":["post-503","post","type-post","status-publish","format-standard","has-post-thumbnail","hentry","category-ourinhos","category-capa","category-noticias"],"_links":{"self":[{"href":"https:\/\/noticiasregionais.com.br\/index.php?rest_route=\/wp\/v2\/posts\/503","targetHints":{"allow":["GET"]}}],"collection":[{"href":"https:\/\/noticiasregionais.com.br\/index.php?rest_route=\/wp\/v2\/posts"}],"about":[{"href":"https:\/\/noticiasregionais.com.br\/index.php?rest_route=\/wp\/v2\/types\/post"}],"author":[{"embeddable":true,"href":"https:\/\/noticiasregionais.com.br\/index.php?rest_route=\/wp\/v2\/users\/1"}],"replies":[{"embeddable":true,"href":"https:\/\/noticiasregionais.com.br\/index.php?rest_route=%2Fwp%2Fv2%2Fcomments&post=503"}],"version-history":[{"count":2,"href":"https:\/\/noticiasregionais.com.br\/index.php?rest_route=\/wp\/v2\/posts\/503\/revisions"}],"predecessor-version":[{"id":507,"href":"https:\/\/noticiasregionais.com.br\/index.php?rest_route=\/wp\/v2\/posts\/503\/revisions\/507"}],"wp:featuredmedia":[{"embeddable":true,"href":"https:\/\/noticiasregionais.com.br\/index.php?rest_route=\/wp\/v2\/media\/506"}],"wp:attachment":[{"href":"https:\/\/noticiasregionais.com.br\/index.php?rest_route=%2Fwp%2Fv2%2Fmedia&parent=503"}],"wp:term":[{"taxonomy":"category","embeddable":true,"href":"https:\/\/noticiasregionais.com.br\/index.php?rest_route=%2Fwp%2Fv2%2Fcategories&post=503"},{"taxonomy":"post_tag","embeddable":true,"href":"https:\/\/noticiasregionais.com.br\/index.php?rest_route=%2Fwp%2Fv2%2Ftags&post=503"}],"curies":[{"name":"wp","href":"https:\/\/api.w.org\/{rel}","templated":true}]}}