{"id":5036,"date":"2025-04-17T17:25:32","date_gmt":"2025-04-17T20:25:32","guid":{"rendered":"https:\/\/noticiasregionais.com.br\/?p=5036"},"modified":"2025-04-17T17:25:36","modified_gmt":"2025-04-17T20:25:36","slug":"ourinhos-forma-pequenos-agentes-de-saude-e-cidadania-em-projeto-inovador","status":"publish","type":"post","link":"https:\/\/noticiasregionais.com.br\/?p=5036","title":{"rendered":"Ourinhos forma pequenos agentes de sa\u00fade e cidadania em projeto inovador"},"content":{"rendered":"\n<p>A Prefeitura de Ourinhos, atrav\u00e9s de uma parceria entre a Secretaria Municipal de Sa\u00fade e a EMEF Prof\u00ba Jorge Herkrath, est\u00e1 colhendo frutos valiosos com o Projeto Agente Mirim da Sa\u00fade. A iniciativa, que conta com o apoio fundamental da equipe da Unidade de Sa\u00fade da Fam\u00edlia (USF) Pacheco Chaves, no Jardim Itamaraty, vai al\u00e9m da sala de aula, transformando alunos do 5\u00ba ano em verdadeiros agentes de preven\u00e7\u00e3o e promotores de bem-estar em suas comunidades.<\/p>\n\n\n\n<p>Criado em 2010, o projeto consolidou-se como uma estrat\u00e9gia anual de educa\u00e7\u00e3o em sa\u00fade, com um foco inicial e cont\u00ednuo no combate ao mosquito <em>Aedes aegypti<\/em>, vetor de doen\u00e7as como dengue, zika e chikungunya. No entanto, a abrang\u00eancia do Agente Mirim da Sa\u00fade \u00e9 not\u00e1vel, incorporando em seu cronograma temas cruciais como sa\u00fade bucal, nutri\u00e7\u00e3o equilibrada, h\u00e1bitos de higiene pessoal, o exerc\u00edcio da cidadania, a import\u00e2ncia da coleta seletiva e a preven\u00e7\u00e3o de acidentes dom\u00e9sticos.<\/p>\n\n\n\n<p>A condu\u00e7\u00e3o das atividades \u00e9 realizada pelos dedicados Agentes Comunit\u00e1rios de Sa\u00fade da USF Pacheco Chaves, que atuam em sinergia com a equipe pedag\u00f3gica da EMEF Prof\u00ba Jorge Herkrath. Essa colabora\u00e7\u00e3o estreita garante que o conte\u00fado te\u00f3rico seja apresentado de forma did\u00e1tica e envolvente, preparando os alunos para o papel ativo que desempenhar\u00e3o.<\/p>\n\n\n\n<p>O diferencial do projeto reside na sua abordagem pr\u00e1tica e participativa. Longe de se restringir \u00e0 teoria, os jovens agentes mirins colocam a &#8220;m\u00e3o na massa&#8221;, engajando-se em a\u00e7\u00f5es concretas que impactam diretamente a comunidade. Passeatas informativas pelas ruas do bairro, visitas domiciliares orientadas e mutir\u00f5es de limpeza s\u00e3o algumas das atividades que permitem aos alunos disseminar o conhecimento adquirido e se tornarem exemplos para seus vizinhos e familiares.<\/p>\n\n\n\n<p>O Secret\u00e1rio Municipal de Sa\u00fade, Diego Singolani, expressou seu entusiasmo com os resultados da iniciativa: \u201c\u00c9 uma experi\u00eancia transformadora para todos os envolvidos. As crian\u00e7as desenvolvem uma consci\u00eancia cidad\u00e3 desde cedo, compreendendo seu papel na promo\u00e7\u00e3o da sa\u00fade e do bem-estar coletivo. Ao mesmo tempo, a comunidade recebe informa\u00e7\u00f5es importantes de uma forma leve, atrav\u00e9s da linguagem e do entusiasmo dos jovens agentes. Estamos muito orgulhosos da dedica\u00e7\u00e3o de toda a equipe que torna este projeto uma realidade.\u201d<\/p>\n\n\n\n<p>A a\u00e7\u00e3o do Agente Mirim da Sa\u00fade reafirma o compromisso da Secretaria de Sa\u00fade de Ourinhos com a constru\u00e7\u00e3o de uma sa\u00fade p\u00fablica que seja, acima de tudo, educativa, participativa e conectada com as necessidades e realidades da popula\u00e7\u00e3o. Ao investir na forma\u00e7\u00e3o de jovens conscientes e engajados, o munic\u00edpio planta sementes para um futuro mais saud\u00e1vel e com cidad\u00e3os mais ativos em suas comunidades.<\/p>\n<input type=\"hidden\" id=\"baseurl\" value=\"https:\/\/noticiasregionais.com.br\"><input type=\"hidden\" id=\"audio_nonce\" value=\"533fbb67b1\">","protected":false},"excerpt":{"rendered":"<p>A Prefeitura de Ourinhos, atrav\u00e9s de uma parceria entre a Secretaria Municipal de Sa\u00fade e a EMEF Prof\u00ba Jorge Herkrath,&hellip;<\/p>\n","protected":false},"author":1,"featured_media":5037,"comment_status":"closed","ping_status":"open","sticky":false,"template":"","format":"standard","meta":{"sfsi_plus_gutenberg_text_before_share":"","sfsi_plus_gutenberg_show_text_before_share":"","sfsi_plus_gutenberg_icon_type":"","sfsi_plus_gutenberg_icon_alignemt":"","sfsi_plus_gutenburg_max_per_row":"","footnotes":""},"categories":[5,10,1],"tags":[16],"class_list":["post-5036","post","type-post","status-publish","format-standard","has-post-thumbnail","hentry","category-ourinhos","category-destaques","category-noticias","tag-ourinhos"],"_links":{"self":[{"href":"https:\/\/noticiasregionais.com.br\/index.php?rest_route=\/wp\/v2\/posts\/5036","targetHints":{"allow":["GET"]}}],"collection":[{"href":"https:\/\/noticiasregionais.com.br\/index.php?rest_route=\/wp\/v2\/posts"}],"about":[{"href":"https:\/\/noticiasregionais.com.br\/index.php?rest_route=\/wp\/v2\/types\/post"}],"author":[{"embeddable":true,"href":"https:\/\/noticiasregionais.com.br\/index.php?rest_route=\/wp\/v2\/users\/1"}],"replies":[{"embeddable":true,"href":"https:\/\/noticiasregionais.com.br\/index.php?rest_route=%2Fwp%2Fv2%2Fcomments&post=5036"}],"version-history":[{"count":1,"href":"https:\/\/noticiasregionais.com.br\/index.php?rest_route=\/wp\/v2\/posts\/5036\/revisions"}],"predecessor-version":[{"id":5038,"href":"https:\/\/noticiasregionais.com.br\/index.php?rest_route=\/wp\/v2\/posts\/5036\/revisions\/5038"}],"wp:featuredmedia":[{"embeddable":true,"href":"https:\/\/noticiasregionais.com.br\/index.php?rest_route=\/wp\/v2\/media\/5037"}],"wp:attachment":[{"href":"https:\/\/noticiasregionais.com.br\/index.php?rest_route=%2Fwp%2Fv2%2Fmedia&parent=5036"}],"wp:term":[{"taxonomy":"category","embeddable":true,"href":"https:\/\/noticiasregionais.com.br\/index.php?rest_route=%2Fwp%2Fv2%2Fcategories&post=5036"},{"taxonomy":"post_tag","embeddable":true,"href":"https:\/\/noticiasregionais.com.br\/index.php?rest_route=%2Fwp%2Fv2%2Ftags&post=5036"}],"curies":[{"name":"wp","href":"https:\/\/api.w.org\/{rel}","templated":true}]}}