{"id":5039,"date":"2025-04-17T17:35:53","date_gmt":"2025-04-17T20:35:53","guid":{"rendered":"https:\/\/noticiasregionais.com.br\/?p=5039"},"modified":"2025-04-17T17:35:56","modified_gmt":"2025-04-17T20:35:56","slug":"trafico-de-skank-e-furto-em-onibus-interestadual-mobilizam-policia-rodoviaria-em-assis","status":"publish","type":"post","link":"https:\/\/noticiasregionais.com.br\/?p=5039","title":{"rendered":"Tr\u00e1fico de Skank e furto em \u00f4nibus interestadual mobilizam pol\u00edcia rodovi\u00e1ria em Assis"},"content":{"rendered":"\n<p>Uma opera\u00e7\u00e3o de rotina da Pol\u00edcia Rodovi\u00e1ria de S\u00e3o Paulo na Rodovia Raposo Tavares (SP-270), em Assis, resultou na pris\u00e3o de dois indiv\u00edduos na manh\u00e3 desta quinta-feira (17). A a\u00e7\u00e3o, parte da Opera\u00e7\u00e3o Feriados Semana Santa\/Tiradentes 2025, flagrou um passageiro transportando uma quantidade significativa de skank e outro com um aparelho de som furtado da primeira v\u00edtima.<\/p>\n\n\n\n<p>Por volta das 11h35, no quil\u00f4metro 445 da rodovia, os policiais abordaram um \u00f4nibus interestadual que havia partido de Corumb\u00e1, no Mato Grosso do Sul, com destino a S\u00e3o Paulo, na capital paulista, transportando 37 passageiros.<\/p>\n\n\n\n<p>Durante a fiscaliza\u00e7\u00e3o no interior do ve\u00edculo, os agentes localizaram nove inv\u00f3lucros de skank na bagagem de um passageiro que ocupava a poltrona n\u00famero 35. Em seguida, ao realizar a revista pessoal dos demais passageiros, um fato inusitado veio \u00e0 tona. Na mala do passageiro da poltrona 32, os policiais encontraram um aparelho de som que havia sido furtado do passageiro preso por tr\u00e1fico.<\/p>\n\n\n\n<p>Diante das evid\u00eancias, os dois indiv\u00edduos receberam voz de pris\u00e3o em flagrante. O passageiro da poltrona 35 responder\u00e1 por tr\u00e1fico de drogas, enquanto o passageiro da poltrona 32 ser\u00e1 autuado por furto.<\/p>\n\n\n\n<p>A ocorr\u00eancia est\u00e1 sendo apresentada no Plant\u00e3o Policial de Assis, onde as medidas legais cab\u00edveis ser\u00e3o tomadas. A Pol\u00edcia Rodovi\u00e1ria de S\u00e3o Paulo refor\u00e7a o seu compromisso no combate ao tr\u00e1fico de drogas e outros crimes nas rodovias do estado, especialmente durante os per\u00edodos de grande movimenta\u00e7\u00e3o como o atual feriado prolongado.<\/p>\n\n\n<div class=\"wp-block-image\">\n<figure class=\"aligncenter size-large\"><img decoding=\"async\" width=\"768\" height=\"1024\" src=\"https:\/\/noticiasregionais.com.br\/wp-content\/uploads\/2025\/04\/WhatsApp-Image-2025-04-17-at-14.49.56-768x1024.jpeg\" alt=\"\" class=\"wp-image-5040\" srcset=\"https:\/\/noticiasregionais.com.br\/wp-content\/uploads\/2025\/04\/WhatsApp-Image-2025-04-17-at-14.49.56-768x1024.jpeg 768w, https:\/\/noticiasregionais.com.br\/wp-content\/uploads\/2025\/04\/WhatsApp-Image-2025-04-17-at-14.49.56-225x300.jpeg 225w, https:\/\/noticiasregionais.com.br\/wp-content\/uploads\/2025\/04\/WhatsApp-Image-2025-04-17-at-14.49.56-1152x1536.jpeg 1152w, https:\/\/noticiasregionais.com.br\/wp-content\/uploads\/2025\/04\/WhatsApp-Image-2025-04-17-at-14.49.56.jpeg 1200w\" sizes=\"(max-width: 768px) 100vw, 768px\" \/><\/figure>\n<\/div><input type=\"hidden\" id=\"baseurl\" value=\"https:\/\/noticiasregionais.com.br\"><input type=\"hidden\" id=\"audio_nonce\" value=\"533fbb67b1\">","protected":false},"excerpt":{"rendered":"<p>Uma opera\u00e7\u00e3o de rotina da Pol\u00edcia Rodovi\u00e1ria de S\u00e3o Paulo na Rodovia Raposo Tavares (SP-270), em Assis, resultou na pris\u00e3o&hellip;<\/p>\n","protected":false},"author":1,"featured_media":5041,"comment_status":"closed","ping_status":"open","sticky":false,"template":"","format":"standard","meta":{"sfsi_plus_gutenberg_text_before_share":"","sfsi_plus_gutenberg_show_text_before_share":"","sfsi_plus_gutenberg_icon_type":"","sfsi_plus_gutenberg_icon_alignemt":"","sfsi_plus_gutenburg_max_per_row":"","footnotes":""},"categories":[6,10,1],"tags":[34],"class_list":["post-5039","post","type-post","status-publish","format-standard","has-post-thumbnail","hentry","category-sao_paulo","category-destaques","category-noticias","tag-assis"],"_links":{"self":[{"href":"https:\/\/noticiasregionais.com.br\/index.php?rest_route=\/wp\/v2\/posts\/5039","targetHints":{"allow":["GET"]}}],"collection":[{"href":"https:\/\/noticiasregionais.com.br\/index.php?rest_route=\/wp\/v2\/posts"}],"about":[{"href":"https:\/\/noticiasregionais.com.br\/index.php?rest_route=\/wp\/v2\/types\/post"}],"author":[{"embeddable":true,"href":"https:\/\/noticiasregionais.com.br\/index.php?rest_route=\/wp\/v2\/users\/1"}],"replies":[{"embeddable":true,"href":"https:\/\/noticiasregionais.com.br\/index.php?rest_route=%2Fwp%2Fv2%2Fcomments&post=5039"}],"version-history":[{"count":1,"href":"https:\/\/noticiasregionais.com.br\/index.php?rest_route=\/wp\/v2\/posts\/5039\/revisions"}],"predecessor-version":[{"id":5042,"href":"https:\/\/noticiasregionais.com.br\/index.php?rest_route=\/wp\/v2\/posts\/5039\/revisions\/5042"}],"wp:featuredmedia":[{"embeddable":true,"href":"https:\/\/noticiasregionais.com.br\/index.php?rest_route=\/wp\/v2\/media\/5041"}],"wp:attachment":[{"href":"https:\/\/noticiasregionais.com.br\/index.php?rest_route=%2Fwp%2Fv2%2Fmedia&parent=5039"}],"wp:term":[{"taxonomy":"category","embeddable":true,"href":"https:\/\/noticiasregionais.com.br\/index.php?rest_route=%2Fwp%2Fv2%2Fcategories&post=5039"},{"taxonomy":"post_tag","embeddable":true,"href":"https:\/\/noticiasregionais.com.br\/index.php?rest_route=%2Fwp%2Fv2%2Ftags&post=5039"}],"curies":[{"name":"wp","href":"https:\/\/api.w.org\/{rel}","templated":true}]}}