{"id":5043,"date":"2025-04-20T09:50:52","date_gmt":"2025-04-20T12:50:52","guid":{"rendered":"https:\/\/noticiasregionais.com.br\/?p=5043"},"modified":"2025-04-21T09:30:23","modified_gmt":"2025-04-21T12:30:23","slug":"bailao-de-pascoa-na-aeco-agita-ourinhos-neste-domingo-com-muito-forro-e-sertanejo","status":"publish","type":"post","link":"https:\/\/noticiasregionais.com.br\/?p=5043","title":{"rendered":"Bail\u00e3o de P\u00e1scoa na AECO agita Ourinhos neste domingo, com muito forr\u00f3 e sertanejo"},"content":{"rendered":"\n<p>Neste <strong>domingo, 20 de abril<\/strong>, dia de P\u00e1scoa, a cidade de <strong>Ourinhos-SP<\/strong> vai ferver com o tradicional <strong>Bail\u00e3o de P\u00e1scoa<\/strong>, promovido pela consagrada <strong>Equipe Baila Comigo<\/strong>, que j\u00e1 \u00e9 refer\u00eancia na organiza\u00e7\u00e3o dos maiores bailes da regi\u00e3o, especialmente voltados ao forr\u00f3 e \u00e0 m\u00fasica sertaneja.<\/p>\n\n\n\n<p>A festa acontece a partir das <strong>21h<\/strong>, no <strong>Clube AECO<\/strong>, localizado <strong>atr\u00e1s do Supermercado Avenida<\/strong>, e promete uma noite especial de muita dan\u00e7a, anima\u00e7\u00e3o e alegria para todos os p\u00fablicos.<\/p>\n\n\n\n<p>A atra\u00e7\u00e3o principal ser\u00e1 a dupla <strong>Marcos &amp; Edson<\/strong>, que sobe ao palco com um repert\u00f3rio contagiante, cheio de sucessos do sertanejo e do forr\u00f3, prontos para embalar os casais na pista e agitar a galera at\u00e9 altas horas.<\/p>\n\n\n\n<p>Para quem n\u00e3o quer ficar de fora, \u00e9 poss\u00edvel garantir informa\u00e7\u00f5es e reservas pelo telefone <strong>(14) 99799-6611<\/strong>. O endere\u00e7o do evento \u00e9 <strong>Rua Maranh\u00e3o, 425 \u2013 Ourinhos-SP<\/strong>.<\/p>\n\n\n\n<p>Venha celebrar a P\u00e1scoa com muito ritmo e descontra\u00e7\u00e3o. Re\u00fana os amigos, calce o par de botas e prepare-se para dan\u00e7ar \u2014 hoje \u00e9 dia de Bail\u00e3o em Ourinhos!<\/p>\n\n\n\n<figure class=\"wp-block-gallery has-nested-images columns-default is-cropped wp-block-gallery-1 is-layout-flex wp-block-gallery-is-layout-flex\">\n<figure class=\"wp-block-image size-large\"><img decoding=\"async\" width=\"723\" height=\"1024\" data-id=\"5030\" src=\"https:\/\/noticiasregionais.com.br\/wp-content\/uploads\/2025\/04\/Imagem-do-WhatsApp-de-2025-04-17-as-12.24.39_4f97a8d7-723x1024.jpg\" alt=\"\" class=\"wp-image-5030\" srcset=\"https:\/\/noticiasregionais.com.br\/wp-content\/uploads\/2025\/04\/Imagem-do-WhatsApp-de-2025-04-17-as-12.24.39_4f97a8d7-723x1024.jpg 723w, https:\/\/noticiasregionais.com.br\/wp-content\/uploads\/2025\/04\/Imagem-do-WhatsApp-de-2025-04-17-as-12.24.39_4f97a8d7-212x300.jpg 212w, https:\/\/noticiasregionais.com.br\/wp-content\/uploads\/2025\/04\/Imagem-do-WhatsApp-de-2025-04-17-as-12.24.39_4f97a8d7-768x1088.jpg 768w, https:\/\/noticiasregionais.com.br\/wp-content\/uploads\/2025\/04\/Imagem-do-WhatsApp-de-2025-04-17-as-12.24.39_4f97a8d7.jpg 1080w\" sizes=\"(max-width: 723px) 100vw, 723px\" \/><\/figure>\n\n\n\n<figure class=\"wp-block-image size-large\"><img decoding=\"async\" width=\"566\" height=\"1024\" data-id=\"5033\" src=\"https:\/\/noticiasregionais.com.br\/wp-content\/uploads\/2025\/04\/Imagem-do-WhatsApp-de-2025-04-16-as-10.28.54_c7bf3e7b-566x1024.jpg\" alt=\"\" class=\"wp-image-5033\" srcset=\"https:\/\/noticiasregionais.com.br\/wp-content\/uploads\/2025\/04\/Imagem-do-WhatsApp-de-2025-04-16-as-10.28.54_c7bf3e7b-566x1024.jpg 566w, https:\/\/noticiasregionais.com.br\/wp-content\/uploads\/2025\/04\/Imagem-do-WhatsApp-de-2025-04-16-as-10.28.54_c7bf3e7b-166x300.jpg 166w, https:\/\/noticiasregionais.com.br\/wp-content\/uploads\/2025\/04\/Imagem-do-WhatsApp-de-2025-04-16-as-10.28.54_c7bf3e7b.jpg 720w\" sizes=\"(max-width: 566px) 100vw, 566px\" \/><\/figure>\n\n\n\n<figure class=\"wp-block-image size-large\"><img decoding=\"async\" width=\"1024\" height=\"576\" data-id=\"5026\" src=\"https:\/\/noticiasregionais.com.br\/wp-content\/uploads\/2025\/04\/Imagem-do-WhatsApp-de-2025-04-17-as-12.24.42_5c5d501b-1024x576.jpg\" alt=\"\" class=\"wp-image-5026\" srcset=\"https:\/\/noticiasregionais.com.br\/wp-content\/uploads\/2025\/04\/Imagem-do-WhatsApp-de-2025-04-17-as-12.24.42_5c5d501b-1024x576.jpg 1024w, https:\/\/noticiasregionais.com.br\/wp-content\/uploads\/2025\/04\/Imagem-do-WhatsApp-de-2025-04-17-as-12.24.42_5c5d501b-300x169.jpg 300w, https:\/\/noticiasregionais.com.br\/wp-content\/uploads\/2025\/04\/Imagem-do-WhatsApp-de-2025-04-17-as-12.24.42_5c5d501b-768x432.jpg 768w, https:\/\/noticiasregionais.com.br\/wp-content\/uploads\/2025\/04\/Imagem-do-WhatsApp-de-2025-04-17-as-12.24.42_5c5d501b-1536x864.jpg 1536w, https:\/\/noticiasregionais.com.br\/wp-content\/uploads\/2025\/04\/Imagem-do-WhatsApp-de-2025-04-17-as-12.24.42_5c5d501b-rotated.jpg 1920w\" sizes=\"(max-width: 1024px) 100vw, 1024px\" \/><\/figure>\n\n\n\n<figure class=\"wp-block-image size-large\"><img decoding=\"async\" width=\"1024\" height=\"576\" data-id=\"5025\" src=\"https:\/\/noticiasregionais.com.br\/wp-content\/uploads\/2025\/04\/Imagem-do-WhatsApp-de-2025-04-17-as-12.24.40_b8ac0d04-1024x576.jpg\" alt=\"\" class=\"wp-image-5025\" srcset=\"https:\/\/noticiasregionais.com.br\/wp-content\/uploads\/2025\/04\/Imagem-do-WhatsApp-de-2025-04-17-as-12.24.40_b8ac0d04-1024x576.jpg 1024w, https:\/\/noticiasregionais.com.br\/wp-content\/uploads\/2025\/04\/Imagem-do-WhatsApp-de-2025-04-17-as-12.24.40_b8ac0d04-300x169.jpg 300w, https:\/\/noticiasregionais.com.br\/wp-content\/uploads\/2025\/04\/Imagem-do-WhatsApp-de-2025-04-17-as-12.24.40_b8ac0d04-768x432.jpg 768w, https:\/\/noticiasregionais.com.br\/wp-content\/uploads\/2025\/04\/Imagem-do-WhatsApp-de-2025-04-17-as-12.24.40_b8ac0d04-1536x864.jpg 1536w, https:\/\/noticiasregionais.com.br\/wp-content\/uploads\/2025\/04\/Imagem-do-WhatsApp-de-2025-04-17-as-12.24.40_b8ac0d04-rotated.jpg 1599w\" sizes=\"(max-width: 1024px) 100vw, 1024px\" \/><\/figure>\n\n\n\n<figure class=\"wp-block-image size-large\"><img decoding=\"async\" width=\"1024\" height=\"636\" data-id=\"5032\" src=\"https:\/\/noticiasregionais.com.br\/wp-content\/uploads\/2025\/04\/Imagem-do-WhatsApp-de-2025-04-17-as-12.24.38_c0690c48-1024x636.jpg\" alt=\"\" class=\"wp-image-5032\" srcset=\"https:\/\/noticiasregionais.com.br\/wp-content\/uploads\/2025\/04\/Imagem-do-WhatsApp-de-2025-04-17-as-12.24.38_c0690c48-1024x636.jpg 1024w, https:\/\/noticiasregionais.com.br\/wp-content\/uploads\/2025\/04\/Imagem-do-WhatsApp-de-2025-04-17-as-12.24.38_c0690c48-300x186.jpg 300w, https:\/\/noticiasregionais.com.br\/wp-content\/uploads\/2025\/04\/Imagem-do-WhatsApp-de-2025-04-17-as-12.24.38_c0690c48-768x477.jpg 768w, https:\/\/noticiasregionais.com.br\/wp-content\/uploads\/2025\/04\/Imagem-do-WhatsApp-de-2025-04-17-as-12.24.38_c0690c48.jpg 1080w\" sizes=\"(max-width: 1024px) 100vw, 1024px\" \/><\/figure>\n<\/figure>\n<input type=\"hidden\" id=\"baseurl\" value=\"https:\/\/noticiasregionais.com.br\"><input type=\"hidden\" id=\"audio_nonce\" value=\"533fbb67b1\">","protected":false},"excerpt":{"rendered":"<p>Neste domingo, 20 de abril, dia de P\u00e1scoa, a cidade de Ourinhos-SP vai ferver com o tradicional Bail\u00e3o de P\u00e1scoa,&hellip;<\/p>\n","protected":false},"author":1,"featured_media":5029,"comment_status":"closed","ping_status":"open","sticky":false,"template":"","format":"standard","meta":{"sfsi_plus_gutenberg_text_before_share":"","sfsi_plus_gutenberg_show_text_before_share":"","sfsi_plus_gutenberg_icon_type":"","sfsi_plus_gutenberg_icon_alignemt":"","sfsi_plus_gutenburg_max_per_row":"","footnotes":""},"categories":[1,10,5],"tags":[],"class_list":["post-5043","post","type-post","status-publish","format-standard","has-post-thumbnail","hentry","category-noticias","category-destaques","category-ourinhos"],"_links":{"self":[{"href":"https:\/\/noticiasregionais.com.br\/index.php?rest_route=\/wp\/v2\/posts\/5043","targetHints":{"allow":["GET"]}}],"collection":[{"href":"https:\/\/noticiasregionais.com.br\/index.php?rest_route=\/wp\/v2\/posts"}],"about":[{"href":"https:\/\/noticiasregionais.com.br\/index.php?rest_route=\/wp\/v2\/types\/post"}],"author":[{"embeddable":true,"href":"https:\/\/noticiasregionais.com.br\/index.php?rest_route=\/wp\/v2\/users\/1"}],"replies":[{"embeddable":true,"href":"https:\/\/noticiasregionais.com.br\/index.php?rest_route=%2Fwp%2Fv2%2Fcomments&post=5043"}],"version-history":[{"count":1,"href":"https:\/\/noticiasregionais.com.br\/index.php?rest_route=\/wp\/v2\/posts\/5043\/revisions"}],"predecessor-version":[{"id":5045,"href":"https:\/\/noticiasregionais.com.br\/index.php?rest_route=\/wp\/v2\/posts\/5043\/revisions\/5045"}],"wp:featuredmedia":[{"embeddable":true,"href":"https:\/\/noticiasregionais.com.br\/index.php?rest_route=\/wp\/v2\/media\/5029"}],"wp:attachment":[{"href":"https:\/\/noticiasregionais.com.br\/index.php?rest_route=%2Fwp%2Fv2%2Fmedia&parent=5043"}],"wp:term":[{"taxonomy":"category","embeddable":true,"href":"https:\/\/noticiasregionais.com.br\/index.php?rest_route=%2Fwp%2Fv2%2Fcategories&post=5043"},{"taxonomy":"post_tag","embeddable":true,"href":"https:\/\/noticiasregionais.com.br\/index.php?rest_route=%2Fwp%2Fv2%2Ftags&post=5043"}],"curies":[{"name":"wp","href":"https:\/\/api.w.org\/{rel}","templated":true}]}}