{"id":5046,"date":"2025-04-20T10:06:41","date_gmt":"2025-04-20T13:06:41","guid":{"rendered":"https:\/\/noticiasregionais.com.br\/?p=5046"},"modified":"2025-04-20T10:06:44","modified_gmt":"2025-04-20T13:06:44","slug":"pesqueiro-colonao-oferece-almoco-especial-de-pascoa-com-cardapio-caipira-e-muita-diversao","status":"publish","type":"post","link":"https:\/\/noticiasregionais.com.br\/?p=5046","title":{"rendered":"Pesqueiro Colon\u00e3o oferece almo\u00e7o especial de P\u00e1scoa com card\u00e1pio caipira e muita divers\u00e3o"},"content":{"rendered":"\n<p>Neste <strong>domingo de P\u00e1scoa<\/strong>, o <strong>Pesqueiro Colon\u00e3o<\/strong> convida todos para um dia especial em fam\u00edlia, com um <strong>almo\u00e7o completo<\/strong>, clima acolhedor e atra\u00e7\u00f5es que prometem agradar toda a galera.<\/p>\n\n\n\n<p>O card\u00e1pio do dia est\u00e1 caprichado, trazendo aquele <strong>sabor caseiro e caipira<\/strong> que a gente ama:<\/p>\n\n\n\n<p>\ud83c\udf5b <strong>Arroz<\/strong><br>\ud83c\udf72 <strong>Feij\u00e3o<\/strong><br>\ud83c\udf57 <strong>Frango assado<\/strong><br>\ud83e\udd58 <strong>Mocot\u00f3<\/strong><br>\ud83e\udd69 <strong>Porco caipira no tacho<\/strong><br>\ud83c\udf5d <strong>Macarr\u00e3o com sardinha<\/strong><br>\ud83e\udd57 <strong>Saladas variadas<\/strong><\/p>\n\n\n\n<p>Tudo isso por <strong>apenas R$ 22,99 por pessoa<\/strong>, com direito ao tradicional <strong>\u201cpesque e solte\u201d garantido<\/strong>, ideal para quem quer relaxar \u00e0 beira do lago enquanto curte o dia.<\/p>\n\n\n\n<p>E tem mais! Para acompanhar esse banquete:<\/p>\n\n\n\n<p>\ud83c\udf7b <strong>Torre de cerveja com 3 litros a partir de R$ 29,90<\/strong><br>\ud83c\udf5f <strong>Por\u00e7\u00f5es deliciosas a partir de R$ 20,00<\/strong><br>\ud83c\udfa4 <strong>Karaok\u00ea liberado para quem quiser soltar a voz<\/strong> e fazer a trilha sonora do domingo!<\/p>\n\n\n\n<p>\ud83d\udccd <strong>Endere\u00e7o<\/strong>: Rua Adelino Breve, 694 \u2013 Jardim Josefina, Ourinhos-SP<br>(Des\u00e7a a rua ao lado da Ret\u00edfica Ferreira, pr\u00f3ximo ao Rio Pardo)<br>\ud83d\udcf2 <strong>WhatsApp para informa\u00e7\u00f5es e reservas<\/strong>: (14) 99603-1729<\/p>\n\n\n\n<p>O Pesqueiro Colon\u00e3o deseja a todos um <strong>Domingo de P\u00e1scoa aben\u00e7oado<\/strong> e convida voc\u00ea e sua fam\u00edlia para viver momentos de alegria, boa comida e muita descontra\u00e7\u00e3o.<\/p>\n<input type=\"hidden\" id=\"baseurl\" value=\"https:\/\/noticiasregionais.com.br\"><input type=\"hidden\" id=\"audio_nonce\" value=\"533fbb67b1\">","protected":false},"excerpt":{"rendered":"<p>Neste domingo de P\u00e1scoa, o Pesqueiro Colon\u00e3o convida todos para um dia especial em fam\u00edlia, com um almo\u00e7o completo, clima&hellip;<\/p>\n","protected":false},"author":1,"featured_media":5047,"comment_status":"closed","ping_status":"open","sticky":false,"template":"","format":"standard","meta":{"sfsi_plus_gutenberg_text_before_share":"","sfsi_plus_gutenberg_show_text_before_share":"","sfsi_plus_gutenberg_icon_type":"","sfsi_plus_gutenberg_icon_alignemt":"","sfsi_plus_gutenburg_max_per_row":"","footnotes":""},"categories":[5,10,1],"tags":[16],"class_list":["post-5046","post","type-post","status-publish","format-standard","has-post-thumbnail","hentry","category-ourinhos","category-destaques","category-noticias","tag-ourinhos"],"_links":{"self":[{"href":"https:\/\/noticiasregionais.com.br\/index.php?rest_route=\/wp\/v2\/posts\/5046","targetHints":{"allow":["GET"]}}],"collection":[{"href":"https:\/\/noticiasregionais.com.br\/index.php?rest_route=\/wp\/v2\/posts"}],"about":[{"href":"https:\/\/noticiasregionais.com.br\/index.php?rest_route=\/wp\/v2\/types\/post"}],"author":[{"embeddable":true,"href":"https:\/\/noticiasregionais.com.br\/index.php?rest_route=\/wp\/v2\/users\/1"}],"replies":[{"embeddable":true,"href":"https:\/\/noticiasregionais.com.br\/index.php?rest_route=%2Fwp%2Fv2%2Fcomments&post=5046"}],"version-history":[{"count":1,"href":"https:\/\/noticiasregionais.com.br\/index.php?rest_route=\/wp\/v2\/posts\/5046\/revisions"}],"predecessor-version":[{"id":5048,"href":"https:\/\/noticiasregionais.com.br\/index.php?rest_route=\/wp\/v2\/posts\/5046\/revisions\/5048"}],"wp:featuredmedia":[{"embeddable":true,"href":"https:\/\/noticiasregionais.com.br\/index.php?rest_route=\/wp\/v2\/media\/5047"}],"wp:attachment":[{"href":"https:\/\/noticiasregionais.com.br\/index.php?rest_route=%2Fwp%2Fv2%2Fmedia&parent=5046"}],"wp:term":[{"taxonomy":"category","embeddable":true,"href":"https:\/\/noticiasregionais.com.br\/index.php?rest_route=%2Fwp%2Fv2%2Fcategories&post=5046"},{"taxonomy":"post_tag","embeddable":true,"href":"https:\/\/noticiasregionais.com.br\/index.php?rest_route=%2Fwp%2Fv2%2Ftags&post=5046"}],"curies":[{"name":"wp","href":"https:\/\/api.w.org\/{rel}","templated":true}]}}