{"id":5049,"date":"2025-04-21T09:12:17","date_gmt":"2025-04-21T12:12:17","guid":{"rendered":"https:\/\/noticiasregionais.com.br\/?p=5049"},"modified":"2025-04-21T09:12:20","modified_gmt":"2025-04-21T12:12:20","slug":"papa-francisco-morre-aos-88-anos-no-vaticano","status":"publish","type":"post","link":"https:\/\/noticiasregionais.com.br\/?p=5049","title":{"rendered":"Papa Francisco morre aos 88 anos no Vaticano"},"content":{"rendered":"\n<p>O Vaticano anunciou na manh\u00e3 desta segunda-feira (21) a morte do Papa Francisco, aos 88 anos, em Roma. O falecimento foi comunicado oficialmente pelo camerlengo, cardeal Kevin Joseph Farrell, que exaltou o legado do pont\u00edfice. \u201cFrancisco nos inspirou a viver o Evangelho com fidelidade, coragem e amor universal, sobretudo em defesa dos mais pobres e marginalizados\u201d, declarou.<\/p>\n\n\n\n<p>Em sua \u00faltima apari\u00e7\u00e3o p\u00fablica, o Papa saudou os fi\u00e9is no domingo de P\u00e1scoa com a tradicional b\u00ean\u00e7\u00e3o Urbi et Orbi, da sacada da Bas\u00edlica de S\u00e3o Pedro.<\/p>\n\n\n\n<p>Nos \u00faltimos anos, sua sa\u00fade vinha se deteriorando, com recorrentes epis\u00f3dios de bronquite e infec\u00e7\u00f5es respirat\u00f3rias.<\/p>\n\n\n\n<p>O sepultamento ser\u00e1 realizado na Bas\u00edlica de Santa Maria Maior, um local que o pont\u00edfice visitava frequentemente desde o in\u00edcio de seu papado. O conclave para a escolha do novo Papa deve acontecer entre 15 e 20 dias ap\u00f3s o in\u00edcio oficial da Sede Vacante.<\/p>\n\n\n\n<p><strong>Um pontificado marcante<\/strong><\/p>\n\n\n\n<p>Jorge Mario Bergoglio nasceu em Buenos Aires, Argentina, em 1936. Foi o primeiro papa latino-americano e tamb\u00e9m o primeiro jesu\u00edta a liderar a Igreja Cat\u00f3lica. Eleito em 2013, escolheu o nome Francisco em homenagem a S\u00e3o Francisco de Assis, s\u00edmbolo de humildade e compromisso com os pobres.<\/p>\n\n\n\n<p>Durante seus mais de 10 anos de pontificado, Francisco promoveu importantes reformas na C\u00faria Romana e defendeu com firmeza temas como justi\u00e7a social, preserva\u00e7\u00e3o ambiental e inclus\u00e3o de grupos marginalizados.<\/p>\n\n\n\n<p><strong>O milagre na Amaz\u00f4nia<\/strong><\/p>\n\n\n\n<p>Um dos momentos marcantes de seu papado ocorreu em outubro de 2024, quando canonizou o padre italiano Jos\u00e9 Allamano, fundador da congrega\u00e7\u00e3o dos Mission\u00e1rios da Consolata. A canoniza\u00e7\u00e3o foi baseada em um milagre atribu\u00eddo ao religioso na Amaz\u00f4nia brasileira, em 1996.<\/p>\n\n\n\n<p>Na ocasi\u00e3o, um jovem ind\u00edgena yanomami, gravemente ferido ap\u00f3s ser atacado por uma on\u00e7a em Roraima, teria se recuperado ap\u00f3s mission\u00e1rios rezarem por sua cura, invocando a intercess\u00e3o de Allamano.<\/p>\n\n\n\n<p>A Igreja Cat\u00f3lica inicia agora um novo cap\u00edtulo, enquanto o mundo se despede de um l\u00edder que marcou sua era com compaix\u00e3o, di\u00e1logo e compromisso com os mais vulner\u00e1veis.<\/p>\n\n\n\n<p><strong>Com informa\u00e7\u00f5es do Vaticano News, CNBB e Ag\u00eancia Brasil<\/strong><br>Fonte original: <a class=\"\" href=\"https:\/\/brasil61.com\/n\/papa-francisco-morre-aos-88-anos-no-vaticano-bras2513838\" target=\"_blank\" rel=\"noopener\">Brasil 61<\/a><\/p>\n<input type=\"hidden\" id=\"baseurl\" value=\"https:\/\/noticiasregionais.com.br\"><input type=\"hidden\" id=\"audio_nonce\" value=\"533fbb67b1\">","protected":false},"excerpt":{"rendered":"<p>O Vaticano anunciou na manh\u00e3 desta segunda-feira (21) a morte do Papa Francisco, aos 88 anos, em Roma. O falecimento&hellip;<\/p>\n","protected":false},"author":1,"featured_media":5050,"comment_status":"closed","ping_status":"open","sticky":false,"template":"","format":"standard","meta":{"sfsi_plus_gutenberg_text_before_share":"","sfsi_plus_gutenberg_show_text_before_share":"","sfsi_plus_gutenberg_icon_type":"","sfsi_plus_gutenberg_icon_alignemt":"","sfsi_plus_gutenburg_max_per_row":"","footnotes":""},"categories":[9,10,1],"tags":[],"class_list":["post-5049","post","type-post","status-publish","format-standard","has-post-thumbnail","hentry","category-mundo","category-destaques","category-noticias"],"_links":{"self":[{"href":"https:\/\/noticiasregionais.com.br\/index.php?rest_route=\/wp\/v2\/posts\/5049","targetHints":{"allow":["GET"]}}],"collection":[{"href":"https:\/\/noticiasregionais.com.br\/index.php?rest_route=\/wp\/v2\/posts"}],"about":[{"href":"https:\/\/noticiasregionais.com.br\/index.php?rest_route=\/wp\/v2\/types\/post"}],"author":[{"embeddable":true,"href":"https:\/\/noticiasregionais.com.br\/index.php?rest_route=\/wp\/v2\/users\/1"}],"replies":[{"embeddable":true,"href":"https:\/\/noticiasregionais.com.br\/index.php?rest_route=%2Fwp%2Fv2%2Fcomments&post=5049"}],"version-history":[{"count":1,"href":"https:\/\/noticiasregionais.com.br\/index.php?rest_route=\/wp\/v2\/posts\/5049\/revisions"}],"predecessor-version":[{"id":5051,"href":"https:\/\/noticiasregionais.com.br\/index.php?rest_route=\/wp\/v2\/posts\/5049\/revisions\/5051"}],"wp:featuredmedia":[{"embeddable":true,"href":"https:\/\/noticiasregionais.com.br\/index.php?rest_route=\/wp\/v2\/media\/5050"}],"wp:attachment":[{"href":"https:\/\/noticiasregionais.com.br\/index.php?rest_route=%2Fwp%2Fv2%2Fmedia&parent=5049"}],"wp:term":[{"taxonomy":"category","embeddable":true,"href":"https:\/\/noticiasregionais.com.br\/index.php?rest_route=%2Fwp%2Fv2%2Fcategories&post=5049"},{"taxonomy":"post_tag","embeddable":true,"href":"https:\/\/noticiasregionais.com.br\/index.php?rest_route=%2Fwp%2Fv2%2Ftags&post=5049"}],"curies":[{"name":"wp","href":"https:\/\/api.w.org\/{rel}","templated":true}]}}