{"id":5052,"date":"2025-04-21T09:25:06","date_gmt":"2025-04-21T12:25:06","guid":{"rendered":"https:\/\/noticiasregionais.com.br\/?p=5052"},"modified":"2025-04-21T09:26:34","modified_gmt":"2025-04-21T12:26:34","slug":"pascoa-solidaria-policia-militar-do-parana-entrega-ovos-de-chocolate-a-criancas-em-santo-antonio-da-platina","status":"publish","type":"post","link":"https:\/\/noticiasregionais.com.br\/?p=5052","title":{"rendered":"P\u00e1scoa Solid\u00e1ria: Pol\u00edcia Militar do Paran\u00e1 entrega ovos de chocolate a crian\u00e7as em Santo Ant\u00f4nio da Platina"},"content":{"rendered":"\n<p>Na manh\u00e3 do dia 19 de abril de 2025, a Pol\u00edcia Militar do Paran\u00e1 promoveu uma a\u00e7\u00e3o especial que levou alegria e esperan\u00e7a \u00e0s crian\u00e7as de Santo Ant\u00f4nio da Platina. A iniciativa, organizada pelo 2\u00ba Batalh\u00e3o de Pol\u00edcia Militar (2\u00ba BPM), pertencente ao 2\u00ba Comando Regional da PM (2\u00ba CRPM), resultou na entrega de aproximadamente 100 ovos de P\u00e1scoa em diferentes pontos do munic\u00edpio.<\/p>\n\n\n\n<p>A a\u00e7\u00e3o social, realizada com o apoio de parceiros da comunidade e cidad\u00e3os solid\u00e1rios, teve como objetivo proporcionar um momento de carinho e afeto \u00e0s fam\u00edlias locais, al\u00e9m de fortalecer os la\u00e7os entre a corpora\u00e7\u00e3o e os moradores.<\/p>\n\n\n\n<p>\u201cMais do que uma simples entrega de chocolates, essa a\u00e7\u00e3o representa a renova\u00e7\u00e3o da confian\u00e7a e do v\u00ednculo entre a Pol\u00edcia Militar e a popula\u00e7\u00e3o\u201d, destacou um representante do 2\u00ba BPM. \u201cA P\u00e1scoa \u00e9 tempo de renova\u00e7\u00e3o, e queremos contribuir tamb\u00e9m para a constru\u00e7\u00e3o de uma sociedade mais humana e acolhedora.\u201d<\/p>\n\n\n\n<p>A distribui\u00e7\u00e3o dos ovos foi feita por policiais militares que, fora de suas atividades operacionais, se dedicaram a essa causa volunt\u00e1ria. O gesto refor\u00e7a o compromisso da Pol\u00edcia Militar do Paran\u00e1 com a responsabilidade social e o cuidado com as novas gera\u00e7\u00f5es.<\/p>\n\n\n\n<p>Al\u00e9m da fun\u00e7\u00e3o de garantir seguran\u00e7a p\u00fablica, a corpora\u00e7\u00e3o demonstrou, mais uma vez, que est\u00e1 presente tamb\u00e9m nos momentos de solidariedade, promovendo a\u00e7\u00f5es que impactam positivamente o cotidiano das comunidades.<\/p>\n\n\n\n<p>A PMPR segue empenhada n\u00e3o apenas em proteger, mas tamb\u00e9m em cuidar e transformar vidas.<\/p>\n\n\n\n<figure class=\"wp-block-gallery has-nested-images columns-default is-cropped wp-block-gallery-1 is-layout-flex wp-block-gallery-is-layout-flex\">\n<figure class=\"wp-block-image size-large\"><img decoding=\"async\" width=\"768\" height=\"1024\" data-id=\"5054\" src=\"https:\/\/noticiasregionais.com.br\/wp-content\/uploads\/2025\/04\/WhatsApp-Image-2025-04-20-at-11.12.471-768x1024.jpeg\" alt=\"\" class=\"wp-image-5054\" srcset=\"https:\/\/noticiasregionais.com.br\/wp-content\/uploads\/2025\/04\/WhatsApp-Image-2025-04-20-at-11.12.471-768x1024.jpeg 768w, https:\/\/noticiasregionais.com.br\/wp-content\/uploads\/2025\/04\/WhatsApp-Image-2025-04-20-at-11.12.471-225x300.jpeg 225w, https:\/\/noticiasregionais.com.br\/wp-content\/uploads\/2025\/04\/WhatsApp-Image-2025-04-20-at-11.12.471-1152x1536.jpeg 1152w, https:\/\/noticiasregionais.com.br\/wp-content\/uploads\/2025\/04\/WhatsApp-Image-2025-04-20-at-11.12.471.jpeg 1200w\" sizes=\"(max-width: 768px) 100vw, 768px\" \/><\/figure>\n\n\n\n<figure class=\"wp-block-image size-large\"><img decoding=\"async\" width=\"576\" height=\"1024\" data-id=\"5055\" src=\"https:\/\/noticiasregionais.com.br\/wp-content\/uploads\/2025\/04\/WhatsApp-Image-2025-04-20-at-11.12.481-576x1024.jpeg\" alt=\"\" class=\"wp-image-5055\" srcset=\"https:\/\/noticiasregionais.com.br\/wp-content\/uploads\/2025\/04\/WhatsApp-Image-2025-04-20-at-11.12.481-576x1024.jpeg 576w, https:\/\/noticiasregionais.com.br\/wp-content\/uploads\/2025\/04\/WhatsApp-Image-2025-04-20-at-11.12.481-169x300.jpeg 169w, https:\/\/noticiasregionais.com.br\/wp-content\/uploads\/2025\/04\/WhatsApp-Image-2025-04-20-at-11.12.481-768x1365.jpeg 768w, https:\/\/noticiasregionais.com.br\/wp-content\/uploads\/2025\/04\/WhatsApp-Image-2025-04-20-at-11.12.481-864x1536.jpeg 864w, https:\/\/noticiasregionais.com.br\/wp-content\/uploads\/2025\/04\/WhatsApp-Image-2025-04-20-at-11.12.481.jpeg 900w\" sizes=\"(max-width: 576px) 100vw, 576px\" \/><\/figure>\n\n\n\n<figure class=\"wp-block-image size-large\"><img decoding=\"async\" width=\"576\" height=\"1024\" data-id=\"5056\" src=\"https:\/\/noticiasregionais.com.br\/wp-content\/uploads\/2025\/04\/WhatsApp-Image-2025-04-20-at-11.12.48-576x1024.jpeg\" alt=\"\" class=\"wp-image-5056\" srcset=\"https:\/\/noticiasregionais.com.br\/wp-content\/uploads\/2025\/04\/WhatsApp-Image-2025-04-20-at-11.12.48-576x1024.jpeg 576w, https:\/\/noticiasregionais.com.br\/wp-content\/uploads\/2025\/04\/WhatsApp-Image-2025-04-20-at-11.12.48-169x300.jpeg 169w, https:\/\/noticiasregionais.com.br\/wp-content\/uploads\/2025\/04\/WhatsApp-Image-2025-04-20-at-11.12.48-768x1365.jpeg 768w, https:\/\/noticiasregionais.com.br\/wp-content\/uploads\/2025\/04\/WhatsApp-Image-2025-04-20-at-11.12.48-864x1536.jpeg 864w, https:\/\/noticiasregionais.com.br\/wp-content\/uploads\/2025\/04\/WhatsApp-Image-2025-04-20-at-11.12.48.jpeg 900w\" sizes=\"(max-width: 576px) 100vw, 576px\" \/><\/figure>\n\n\n\n<figure class=\"wp-block-image size-large\"><img decoding=\"async\" width=\"768\" height=\"1024\" data-id=\"5059\" src=\"https:\/\/noticiasregionais.com.br\/wp-content\/uploads\/2025\/04\/WhatsApp-Image-2025-04-20-at-11.12.491-768x1024.jpeg\" alt=\"\" class=\"wp-image-5059\" srcset=\"https:\/\/noticiasregionais.com.br\/wp-content\/uploads\/2025\/04\/WhatsApp-Image-2025-04-20-at-11.12.491-768x1024.jpeg 768w, https:\/\/noticiasregionais.com.br\/wp-content\/uploads\/2025\/04\/WhatsApp-Image-2025-04-20-at-11.12.491-225x300.jpeg 225w, https:\/\/noticiasregionais.com.br\/wp-content\/uploads\/2025\/04\/WhatsApp-Image-2025-04-20-at-11.12.491-1152x1536.jpeg 1152w, https:\/\/noticiasregionais.com.br\/wp-content\/uploads\/2025\/04\/WhatsApp-Image-2025-04-20-at-11.12.491.jpeg 1200w\" sizes=\"(max-width: 768px) 100vw, 768px\" \/><\/figure>\n\n\n\n<figure class=\"wp-block-image size-large\"><img decoding=\"async\" width=\"769\" height=\"1024\" data-id=\"5057\" src=\"https:\/\/noticiasregionais.com.br\/wp-content\/uploads\/2025\/04\/WhatsApp-Image-2025-04-20-at-11.12.49-769x1024.jpeg\" alt=\"\" class=\"wp-image-5057\" srcset=\"https:\/\/noticiasregionais.com.br\/wp-content\/uploads\/2025\/04\/WhatsApp-Image-2025-04-20-at-11.12.49-769x1024.jpeg 769w, https:\/\/noticiasregionais.com.br\/wp-content\/uploads\/2025\/04\/WhatsApp-Image-2025-04-20-at-11.12.49-225x300.jpeg 225w, https:\/\/noticiasregionais.com.br\/wp-content\/uploads\/2025\/04\/WhatsApp-Image-2025-04-20-at-11.12.49-768x1023.jpeg 768w, https:\/\/noticiasregionais.com.br\/wp-content\/uploads\/2025\/04\/WhatsApp-Image-2025-04-20-at-11.12.49.jpeg 868w\" sizes=\"(max-width: 769px) 100vw, 769px\" \/><\/figure>\n\n\n\n<figure class=\"wp-block-image size-large\"><img decoding=\"async\" width=\"768\" height=\"1024\" data-id=\"5061\" src=\"https:\/\/noticiasregionais.com.br\/wp-content\/uploads\/2025\/04\/WhatsApp-Image-2025-04-20-at-11.12.501-768x1024.jpeg\" alt=\"\" class=\"wp-image-5061\" srcset=\"https:\/\/noticiasregionais.com.br\/wp-content\/uploads\/2025\/04\/WhatsApp-Image-2025-04-20-at-11.12.501-768x1024.jpeg 768w, https:\/\/noticiasregionais.com.br\/wp-content\/uploads\/2025\/04\/WhatsApp-Image-2025-04-20-at-11.12.501-225x300.jpeg 225w, https:\/\/noticiasregionais.com.br\/wp-content\/uploads\/2025\/04\/WhatsApp-Image-2025-04-20-at-11.12.501-1152x1536.jpeg 1152w, https:\/\/noticiasregionais.com.br\/wp-content\/uploads\/2025\/04\/WhatsApp-Image-2025-04-20-at-11.12.501.jpeg 1200w\" sizes=\"(max-width: 768px) 100vw, 768px\" \/><\/figure>\n\n\n\n<figure class=\"wp-block-image size-large\"><img decoding=\"async\" width=\"768\" height=\"1024\" data-id=\"5058\" src=\"https:\/\/noticiasregionais.com.br\/wp-content\/uploads\/2025\/04\/WhatsApp-Image-2025-04-20-at-11.12.51-768x1024.jpeg\" alt=\"\" class=\"wp-image-5058\" srcset=\"https:\/\/noticiasregionais.com.br\/wp-content\/uploads\/2025\/04\/WhatsApp-Image-2025-04-20-at-11.12.51-768x1024.jpeg 768w, https:\/\/noticiasregionais.com.br\/wp-content\/uploads\/2025\/04\/WhatsApp-Image-2025-04-20-at-11.12.51-225x300.jpeg 225w, https:\/\/noticiasregionais.com.br\/wp-content\/uploads\/2025\/04\/WhatsApp-Image-2025-04-20-at-11.12.51-1152x1536.jpeg 1152w, https:\/\/noticiasregionais.com.br\/wp-content\/uploads\/2025\/04\/WhatsApp-Image-2025-04-20-at-11.12.51.jpeg 1200w\" sizes=\"(max-width: 768px) 100vw, 768px\" \/><\/figure>\n\n\n\n<figure class=\"wp-block-image size-large\"><img decoding=\"async\" width=\"1024\" height=\"768\" data-id=\"5060\" src=\"https:\/\/noticiasregionais.com.br\/wp-content\/uploads\/2025\/04\/WhatsApp-Image-2025-04-20-at-11.12.50-1024x768.jpeg\" alt=\"\" class=\"wp-image-5060\" srcset=\"https:\/\/noticiasregionais.com.br\/wp-content\/uploads\/2025\/04\/WhatsApp-Image-2025-04-20-at-11.12.50-1024x768.jpeg 1024w, https:\/\/noticiasregionais.com.br\/wp-content\/uploads\/2025\/04\/WhatsApp-Image-2025-04-20-at-11.12.50-300x225.jpeg 300w, https:\/\/noticiasregionais.com.br\/wp-content\/uploads\/2025\/04\/WhatsApp-Image-2025-04-20-at-11.12.50-768x576.jpeg 768w, https:\/\/noticiasregionais.com.br\/wp-content\/uploads\/2025\/04\/WhatsApp-Image-2025-04-20-at-11.12.50-1536x1152.jpeg 1536w, https:\/\/noticiasregionais.com.br\/wp-content\/uploads\/2025\/04\/WhatsApp-Image-2025-04-20-at-11.12.50.jpeg 1600w\" sizes=\"(max-width: 1024px) 100vw, 1024px\" \/><\/figure>\n<\/figure>\n<input type=\"hidden\" id=\"baseurl\" value=\"https:\/\/noticiasregionais.com.br\"><input type=\"hidden\" id=\"audio_nonce\" value=\"533fbb67b1\">","protected":false},"excerpt":{"rendered":"<p>Na manh\u00e3 do dia 19 de abril de 2025, a Pol\u00edcia Militar do Paran\u00e1 promoveu uma a\u00e7\u00e3o especial que levou&hellip;<\/p>\n","protected":false},"author":1,"featured_media":5053,"comment_status":"closed","ping_status":"open","sticky":false,"template":"","format":"standard","meta":{"sfsi_plus_gutenberg_text_before_share":"","sfsi_plus_gutenberg_show_text_before_share":"","sfsi_plus_gutenberg_icon_type":"","sfsi_plus_gutenberg_icon_alignemt":"","sfsi_plus_gutenburg_max_per_row":"","footnotes":""},"categories":[7,12,1],"tags":[35],"class_list":["post-5052","post","type-post","status-publish","format-standard","has-post-thumbnail","hentry","category-parana","category-capa","category-noticias","tag-santo_antonio_da_platina"],"_links":{"self":[{"href":"https:\/\/noticiasregionais.com.br\/index.php?rest_route=\/wp\/v2\/posts\/5052","targetHints":{"allow":["GET"]}}],"collection":[{"href":"https:\/\/noticiasregionais.com.br\/index.php?rest_route=\/wp\/v2\/posts"}],"about":[{"href":"https:\/\/noticiasregionais.com.br\/index.php?rest_route=\/wp\/v2\/types\/post"}],"author":[{"embeddable":true,"href":"https:\/\/noticiasregionais.com.br\/index.php?rest_route=\/wp\/v2\/users\/1"}],"replies":[{"embeddable":true,"href":"https:\/\/noticiasregionais.com.br\/index.php?rest_route=%2Fwp%2Fv2%2Fcomments&post=5052"}],"version-history":[{"count":1,"href":"https:\/\/noticiasregionais.com.br\/index.php?rest_route=\/wp\/v2\/posts\/5052\/revisions"}],"predecessor-version":[{"id":5062,"href":"https:\/\/noticiasregionais.com.br\/index.php?rest_route=\/wp\/v2\/posts\/5052\/revisions\/5062"}],"wp:featuredmedia":[{"embeddable":true,"href":"https:\/\/noticiasregionais.com.br\/index.php?rest_route=\/wp\/v2\/media\/5053"}],"wp:attachment":[{"href":"https:\/\/noticiasregionais.com.br\/index.php?rest_route=%2Fwp%2Fv2%2Fmedia&parent=5052"}],"wp:term":[{"taxonomy":"category","embeddable":true,"href":"https:\/\/noticiasregionais.com.br\/index.php?rest_route=%2Fwp%2Fv2%2Fcategories&post=5052"},{"taxonomy":"post_tag","embeddable":true,"href":"https:\/\/noticiasregionais.com.br\/index.php?rest_route=%2Fwp%2Fv2%2Ftags&post=5052"}],"curies":[{"name":"wp","href":"https:\/\/api.w.org\/{rel}","templated":true}]}}