{"id":5063,"date":"2025-04-21T10:09:54","date_gmt":"2025-04-21T13:09:54","guid":{"rendered":"https:\/\/noticiasregionais.com.br\/?p=5063"},"modified":"2025-04-21T10:24:22","modified_gmt":"2025-04-21T13:24:22","slug":"secretaria-de-educacao-inicia-troca-da-areia-dos-parques-das-neis-e-emeis-e-divulga-cronograma-de-execucao","status":"publish","type":"post","link":"https:\/\/noticiasregionais.com.br\/?p=5063","title":{"rendered":"Secretaria de educa\u00e7\u00e3o inicia troca da areia dos parques das NEIs e EMEIs e divulga cronograma de execu\u00e7\u00e3o"},"content":{"rendered":"\n<p>A Secretaria Municipal de Educa\u00e7\u00e3o deu in\u00edcio ao processo de substitui\u00e7\u00e3o da areia dos tanques e parquinhos das NEIs (N\u00facleos de Educa\u00e7\u00e3o Infantil) e EMEIs (Escolas Municipais de Educa\u00e7\u00e3o Infantil) da cidade. A a\u00e7\u00e3o faz parte de um conjunto de melhorias voltadas \u00e0 seguran\u00e7a e ao bem-estar das crian\u00e7as atendidas pela rede municipal de ensino.<\/p>\n\n\n\n<p>De acordo informa\u00e7\u00f5es do secret\u00e1rio de Educa\u00e7\u00e3o, Rodrigo Mendes, a troca j\u00e1 est\u00e1 em andamento e seguir\u00e1 um cronograma definido para atender todas as unidades at\u00e9 o pr\u00f3ximo m\u00eas. A iniciativa visa garantir ambientes mais limpos, seguros e adequados para o desenvolvimento infantil.<\/p>\n\n\n\n<p>A a\u00e7\u00e3o foi apresentada durante a 11\u00aa Sess\u00e3o Ordin\u00e1ria da C\u00e2mara Municipal, quando a vereadora Raquel Spada compartilhou informa\u00e7\u00f5es obtidas em reuni\u00e3o com a Secretaria. Segundo ela, o planejamento tamb\u00e9m contempla o cronograma de ro\u00e7ada e manuten\u00e7\u00e3o das escolas, refor\u00e7ando a aten\u00e7\u00e3o da pasta com a infraestrutura das unidades.<\/p>\n\n\n\n<p>A medida tem sido acompanhada de perto e demonstra o esfor\u00e7o conjunto entre o poder p\u00fablico e o legislativo municipal para promover melhorias constantes no ambiente escolar.<\/p>\n\n\n<div class=\"wp-block-image\">\n<figure class=\"aligncenter size-full\"><img decoding=\"async\" width=\"720\" height=\"720\" src=\"https:\/\/noticiasregionais.com.br\/wp-content\/uploads\/2025\/04\/WhatsApp-Image-2025-04-17-at-13.43.50.jpeg\" alt=\"\" class=\"wp-image-5069\" srcset=\"https:\/\/noticiasregionais.com.br\/wp-content\/uploads\/2025\/04\/WhatsApp-Image-2025-04-17-at-13.43.50.jpeg 720w, https:\/\/noticiasregionais.com.br\/wp-content\/uploads\/2025\/04\/WhatsApp-Image-2025-04-17-at-13.43.50-300x300.jpeg 300w, https:\/\/noticiasregionais.com.br\/wp-content\/uploads\/2025\/04\/WhatsApp-Image-2025-04-17-at-13.43.50-150x150.jpeg 150w\" sizes=\"(max-width: 720px) 100vw, 720px\" \/><\/figure>\n<\/div><input type=\"hidden\" id=\"baseurl\" value=\"https:\/\/noticiasregionais.com.br\"><input type=\"hidden\" id=\"audio_nonce\" value=\"533fbb67b1\">","protected":false},"excerpt":{"rendered":"<p>A Secretaria Municipal de Educa\u00e7\u00e3o deu in\u00edcio ao processo de substitui\u00e7\u00e3o da areia dos tanques e parquinhos das NEIs (N\u00facleos&hellip;<\/p>\n","protected":false},"author":1,"featured_media":5064,"comment_status":"closed","ping_status":"open","sticky":false,"template":"","format":"standard","meta":{"sfsi_plus_gutenberg_text_before_share":"","sfsi_plus_gutenberg_show_text_before_share":"","sfsi_plus_gutenberg_icon_type":"","sfsi_plus_gutenberg_icon_alignemt":"","sfsi_plus_gutenburg_max_per_row":"","footnotes":""},"categories":[5,10,1],"tags":[16],"class_list":["post-5063","post","type-post","status-publish","format-standard","has-post-thumbnail","hentry","category-ourinhos","category-destaques","category-noticias","tag-ourinhos"],"_links":{"self":[{"href":"https:\/\/noticiasregionais.com.br\/index.php?rest_route=\/wp\/v2\/posts\/5063","targetHints":{"allow":["GET"]}}],"collection":[{"href":"https:\/\/noticiasregionais.com.br\/index.php?rest_route=\/wp\/v2\/posts"}],"about":[{"href":"https:\/\/noticiasregionais.com.br\/index.php?rest_route=\/wp\/v2\/types\/post"}],"author":[{"embeddable":true,"href":"https:\/\/noticiasregionais.com.br\/index.php?rest_route=\/wp\/v2\/users\/1"}],"replies":[{"embeddable":true,"href":"https:\/\/noticiasregionais.com.br\/index.php?rest_route=%2Fwp%2Fv2%2Fcomments&post=5063"}],"version-history":[{"count":2,"href":"https:\/\/noticiasregionais.com.br\/index.php?rest_route=\/wp\/v2\/posts\/5063\/revisions"}],"predecessor-version":[{"id":5070,"href":"https:\/\/noticiasregionais.com.br\/index.php?rest_route=\/wp\/v2\/posts\/5063\/revisions\/5070"}],"wp:featuredmedia":[{"embeddable":true,"href":"https:\/\/noticiasregionais.com.br\/index.php?rest_route=\/wp\/v2\/media\/5064"}],"wp:attachment":[{"href":"https:\/\/noticiasregionais.com.br\/index.php?rest_route=%2Fwp%2Fv2%2Fmedia&parent=5063"}],"wp:term":[{"taxonomy":"category","embeddable":true,"href":"https:\/\/noticiasregionais.com.br\/index.php?rest_route=%2Fwp%2Fv2%2Fcategories&post=5063"},{"taxonomy":"post_tag","embeddable":true,"href":"https:\/\/noticiasregionais.com.br\/index.php?rest_route=%2Fwp%2Fv2%2Ftags&post=5063"}],"curies":[{"name":"wp","href":"https:\/\/api.w.org\/{rel}","templated":true}]}}