{"id":5066,"date":"2025-04-21T10:19:52","date_gmt":"2025-04-21T13:19:52","guid":{"rendered":"https:\/\/noticiasregionais.com.br\/?p=5066"},"modified":"2025-04-21T10:19:55","modified_gmt":"2025-04-21T13:19:55","slug":"projeto-de-lei-propoe-novo-prazo-para-universalizacao-do-saneamento-basico-no-brasil-2040","status":"publish","type":"post","link":"https:\/\/noticiasregionais.com.br\/?p=5066","title":{"rendered":"Projeto de lei prop\u00f5e novo prazo para universaliza\u00e7\u00e3o do saneamento b\u00e1sico no Brasil: 2040"},"content":{"rendered":"\n<p>A C\u00e2mara dos Deputados analisa um projeto de lei que prop\u00f5e adiar para 2040 a meta de universaliza\u00e7\u00e3o do saneamento b\u00e1sico no pa\u00eds. O Projeto de Lei 4888\/2024, de autoria do deputado Amom Mandel (Cidadania-AM), altera o prazo estabelecido pela Lei n\u00ba 14.026\/2020, que atualmente prev\u00ea o alcance das metas at\u00e9 2033.<\/p>\n\n\n\n<p>A legisla\u00e7\u00e3o vigente determina que at\u00e9 esse ano, 99% da popula\u00e7\u00e3o brasileira tenha acesso \u00e0 \u00e1gua pot\u00e1vel e 90% \u00e0 coleta e tratamento de esgoto. No entanto, o novo texto prop\u00f5e que esse prazo seja estendido em sete anos e, caso haja obst\u00e1culos t\u00e9cnicos, financeiros ou log\u00edsticos, ainda poder\u00e1 ser prorrogado por mais cinco anos.<\/p>\n\n\n\n<p>Segundo Mandel, o cronograma atual \u00e9 especialmente desafiador para regi\u00f5es como o Norte do pa\u00eds, onde as condi\u00e7\u00f5es geogr\u00e1ficas e socioecon\u00f4micas dificultam a implanta\u00e7\u00e3o da infraestrutura. \u201cO adiamento para 2040 permitir\u00e1 melhor planejamento, mais investimentos e solu\u00e7\u00f5es t\u00e9cnicas vi\u00e1veis, garantindo que os avan\u00e7os no saneamento cheguem a todas as regi\u00f5es de forma mais eficaz\u201d, defende o parlamentar.<\/p>\n\n\n\n<p>O projeto tramita em car\u00e1ter conclusivo e ser\u00e1 analisado pelas comiss\u00f5es de Desenvolvimento Urbano e de Constitui\u00e7\u00e3o e Justi\u00e7a e de Cidadania (CCJ). Se aprovado, seguir\u00e1 para o Senado.<\/p>\n\n\n\n<p><strong>O novo marco do saneamento b\u00e1sico<\/strong><\/p>\n\n\n\n<p>Sancionada em 2020, a Lei do Saneamento B\u00e1sico estabeleceu metas ambiciosas e um novo modelo de gest\u00e3o para o setor. Al\u00e9m das metas de cobertura, a lei exige que os contratos de presta\u00e7\u00e3o de servi\u00e7o incluam objetivos de desempenho, al\u00e9m de estimular a participa\u00e7\u00e3o da iniciativa privada. A expectativa do governo \u00e9 atrair at\u00e9 R$ 700 bilh\u00f5es em investimentos e reduzir desigualdades hist\u00f3ricas no acesso ao saneamento, principalmente nas regi\u00f5es Norte e Nordeste.<\/p>\n<input type=\"hidden\" id=\"baseurl\" value=\"https:\/\/noticiasregionais.com.br\"><input type=\"hidden\" id=\"audio_nonce\" value=\"533fbb67b1\">","protected":false},"excerpt":{"rendered":"<p>A C\u00e2mara dos Deputados analisa um projeto de lei que prop\u00f5e adiar para 2040 a meta de universaliza\u00e7\u00e3o do saneamento&hellip;<\/p>\n","protected":false},"author":1,"featured_media":5067,"comment_status":"closed","ping_status":"open","sticky":false,"template":"","format":"standard","meta":{"sfsi_plus_gutenberg_text_before_share":"","sfsi_plus_gutenberg_show_text_before_share":"","sfsi_plus_gutenberg_icon_type":"","sfsi_plus_gutenberg_icon_alignemt":"","sfsi_plus_gutenburg_max_per_row":"","footnotes":""},"categories":[8,10,1],"tags":[],"class_list":["post-5066","post","type-post","status-publish","format-standard","has-post-thumbnail","hentry","category-brasil","category-destaques","category-noticias"],"_links":{"self":[{"href":"https:\/\/noticiasregionais.com.br\/index.php?rest_route=\/wp\/v2\/posts\/5066","targetHints":{"allow":["GET"]}}],"collection":[{"href":"https:\/\/noticiasregionais.com.br\/index.php?rest_route=\/wp\/v2\/posts"}],"about":[{"href":"https:\/\/noticiasregionais.com.br\/index.php?rest_route=\/wp\/v2\/types\/post"}],"author":[{"embeddable":true,"href":"https:\/\/noticiasregionais.com.br\/index.php?rest_route=\/wp\/v2\/users\/1"}],"replies":[{"embeddable":true,"href":"https:\/\/noticiasregionais.com.br\/index.php?rest_route=%2Fwp%2Fv2%2Fcomments&post=5066"}],"version-history":[{"count":1,"href":"https:\/\/noticiasregionais.com.br\/index.php?rest_route=\/wp\/v2\/posts\/5066\/revisions"}],"predecessor-version":[{"id":5068,"href":"https:\/\/noticiasregionais.com.br\/index.php?rest_route=\/wp\/v2\/posts\/5066\/revisions\/5068"}],"wp:featuredmedia":[{"embeddable":true,"href":"https:\/\/noticiasregionais.com.br\/index.php?rest_route=\/wp\/v2\/media\/5067"}],"wp:attachment":[{"href":"https:\/\/noticiasregionais.com.br\/index.php?rest_route=%2Fwp%2Fv2%2Fmedia&parent=5066"}],"wp:term":[{"taxonomy":"category","embeddable":true,"href":"https:\/\/noticiasregionais.com.br\/index.php?rest_route=%2Fwp%2Fv2%2Fcategories&post=5066"},{"taxonomy":"post_tag","embeddable":true,"href":"https:\/\/noticiasregionais.com.br\/index.php?rest_route=%2Fwp%2Fv2%2Ftags&post=5066"}],"curies":[{"name":"wp","href":"https:\/\/api.w.org\/{rel}","templated":true}]}}