{"id":5071,"date":"2025-04-22T14:13:29","date_gmt":"2025-04-22T17:13:29","guid":{"rendered":"https:\/\/noticiasregionais.com.br\/?p=5071"},"modified":"2025-04-22T14:13:32","modified_gmt":"2025-04-22T17:13:32","slug":"tragedias-nas-estradas-acidentes-fatais-chocam-a-regiao-neste-fim-de-semana-prolongado","status":"publish","type":"post","link":"https:\/\/noticiasregionais.com.br\/?p=5071","title":{"rendered":"Trag\u00e9dias nas Estradas: Acidentes fatais chocam a regi\u00e3o neste fim de semana prolongado"},"content":{"rendered":"\n<p>A regi\u00e3o de Assis, no interior de S\u00e3o Paulo, foi palco de duas trag\u00e9dias automobil\u00edsticas em um curto intervalo de tempo, resultando na perda de tr\u00eas vidas e deixando nove pessoas feridas. Os graves acidentes, ocorridos nas rodovias SP-333 e SP-266, mobilizaram equipes de resgate e a Pol\u00edcia Rodovi\u00e1ria, expondo a fragilidade da vida no tr\u00e2nsito.<\/p>\n\n\n\n<p>O primeiro sinistro ocorreu na madrugada de sexta-feira, 18 de abril, por volta da 1h, na SP-333 \u2013 Rodovia Miguel Jubran, no quil\u00f4metro 410,576, no munic\u00edpio de Assis. Um Ford\/Belina, inexplicavelmente trafegando na contram\u00e3o, colidiu frontalmente com um Chevrolet\/Spin. A viol\u00eancia do impacto resultou em duas mortes: o condutor da Belina e um beb\u00ea de apenas um m\u00eas de idade, passageiro do Spin. Outras cinco pessoas que estavam no Chevrolet\/Spin sofreram ferimentos leves. A ocorr\u00eancia foi registrada na Central de Pol\u00edcia Judici\u00e1ria de Assis, que investigar\u00e1 as causas do acidente.<\/p>\n\n\n\n<p>Menos de dois dias depois, no s\u00e1bado, 19 de abril, \u00e0s 21h15, outro acidente fatal abalou a regi\u00e3o. Desta vez, a trag\u00e9dia se desenrolou na SP-266 \u2013 Rodovia Fortunato Petrini, em C\u00e2ndido Mota, no quil\u00f4metro 449,600. Uma colis\u00e3o frontal entre um VW\/Parati e um Ford\/Fusion ceifou a vida do condutor do Parati e deixou quatro ocupantes do Fusion com ferimentos leves. As causas da colis\u00e3o ainda s\u00e3o desconhecidas e ser\u00e3o apuradas pelas autoridades policiais de Assis, onde a ocorr\u00eancia tamb\u00e9m foi apresentada.<\/p>\n\n\n\n<p>Os dois acidentes servem como um doloroso lembrete dos perigos presentes nas rodovias e da import\u00e2ncia da aten\u00e7\u00e3o e do respeito \u00e0s leis de tr\u00e2nsito. A perda de vidas, especialmente a de um beb\u00ea, causa profunda como\u00e7\u00e3o na comunidade local e refor\u00e7a a necessidade de medidas de seguran\u00e7a e conscientiza\u00e7\u00e3o para evitar futuras trag\u00e9dias.<\/p>\n<input type=\"hidden\" id=\"baseurl\" value=\"https:\/\/noticiasregionais.com.br\"><input type=\"hidden\" id=\"audio_nonce\" value=\"5c13e0637f\">","protected":false},"excerpt":{"rendered":"<p>A regi\u00e3o de Assis, no interior de S\u00e3o Paulo, foi palco de duas trag\u00e9dias automobil\u00edsticas em um curto intervalo de&hellip;<\/p>\n","protected":false},"author":1,"featured_media":5072,"comment_status":"closed","ping_status":"open","sticky":false,"template":"","format":"standard","meta":{"sfsi_plus_gutenberg_text_before_share":"","sfsi_plus_gutenberg_show_text_before_share":"","sfsi_plus_gutenberg_icon_type":"","sfsi_plus_gutenberg_icon_alignemt":"","sfsi_plus_gutenburg_max_per_row":"","footnotes":""},"categories":[6,10,1],"tags":[34,42],"class_list":["post-5071","post","type-post","status-publish","format-standard","has-post-thumbnail","hentry","category-sao_paulo","category-destaques","category-noticias","tag-assis","tag-candido_mota"],"_links":{"self":[{"href":"https:\/\/noticiasregionais.com.br\/index.php?rest_route=\/wp\/v2\/posts\/5071","targetHints":{"allow":["GET"]}}],"collection":[{"href":"https:\/\/noticiasregionais.com.br\/index.php?rest_route=\/wp\/v2\/posts"}],"about":[{"href":"https:\/\/noticiasregionais.com.br\/index.php?rest_route=\/wp\/v2\/types\/post"}],"author":[{"embeddable":true,"href":"https:\/\/noticiasregionais.com.br\/index.php?rest_route=\/wp\/v2\/users\/1"}],"replies":[{"embeddable":true,"href":"https:\/\/noticiasregionais.com.br\/index.php?rest_route=%2Fwp%2Fv2%2Fcomments&post=5071"}],"version-history":[{"count":1,"href":"https:\/\/noticiasregionais.com.br\/index.php?rest_route=\/wp\/v2\/posts\/5071\/revisions"}],"predecessor-version":[{"id":5073,"href":"https:\/\/noticiasregionais.com.br\/index.php?rest_route=\/wp\/v2\/posts\/5071\/revisions\/5073"}],"wp:featuredmedia":[{"embeddable":true,"href":"https:\/\/noticiasregionais.com.br\/index.php?rest_route=\/wp\/v2\/media\/5072"}],"wp:attachment":[{"href":"https:\/\/noticiasregionais.com.br\/index.php?rest_route=%2Fwp%2Fv2%2Fmedia&parent=5071"}],"wp:term":[{"taxonomy":"category","embeddable":true,"href":"https:\/\/noticiasregionais.com.br\/index.php?rest_route=%2Fwp%2Fv2%2Fcategories&post=5071"},{"taxonomy":"post_tag","embeddable":true,"href":"https:\/\/noticiasregionais.com.br\/index.php?rest_route=%2Fwp%2Fv2%2Ftags&post=5071"}],"curies":[{"name":"wp","href":"https:\/\/api.w.org\/{rel}","templated":true}]}}