{"id":5074,"date":"2025-04-22T14:19:24","date_gmt":"2025-04-22T17:19:24","guid":{"rendered":"https:\/\/noticiasregionais.com.br\/?p=5074"},"modified":"2025-04-22T14:19:27","modified_gmt":"2025-04-22T17:19:27","slug":"operacao-semana-santa-da-prf-na-regiao-termina-sem-mortes-mas-imprudencia-preocupa","status":"publish","type":"post","link":"https:\/\/noticiasregionais.com.br\/?p=5074","title":{"rendered":"Opera\u00e7\u00e3o Semana Santa da PRF na regi\u00e3o termina sem mortes, mas imprud\u00eancia preocupa"},"content":{"rendered":"\n<p>A Pol\u00edcia Rodovi\u00e1ria Federal (PRF) encerrou, na \u00faltima segunda-feira (21), \u00e0s 23h59, a Opera\u00e7\u00e3o Semana Santa 2025 na regi\u00e3o de Mar\u00edlia com um saldo positivo em rela\u00e7\u00e3o \u00e0 letalidade. Iniciada em 17 de abril, a opera\u00e7\u00e3o intensificou a fiscaliza\u00e7\u00e3o, refor\u00e7ou o efetivo e promoveu a\u00e7\u00f5es de conscientiza\u00e7\u00e3o para garantir a seguran\u00e7a vi\u00e1ria durante o feriado prolongado.<\/p>\n\n\n\n<p>Apesar do aumento significativo na fiscaliza\u00e7\u00e3o, que abordou 594 ve\u00edculos \u2013 um crescimento de mais de 100% em compara\u00e7\u00e3o com o per\u00edodo anterior \u2013, a PRF registrou tr\u00eas acidentes no per\u00edodo. A boa not\u00edcia \u00e9 que, felizmente, nenhum deles resultou em \u00f3bito. Quatro pessoas ficaram feridas nesses sinistros.<\/p>\n\n\n\n<p>Contudo, a imprud\u00eancia de alguns motoristas ainda preocupa as autoridades. Durante a opera\u00e7\u00e3o, 225 condutores foram flagrados transitando acima do limite de velocidade permitido, e outros 86 realizaram ultrapassagens em locais proibidos, demonstrando um persistente desrespeito \u00e0s normas de tr\u00e2nsito.<\/p>\n\n\n\n<p>Um dos focos da Opera\u00e7\u00e3o Semana Santa foi o combate \u00e0 alcoolemia ao volante. Mais de 370 testes de baf\u00f4metro foram realizados, representando um aumento superior a 100% em rela\u00e7\u00e3o ao ano anterior. Esse esfor\u00e7o contribuiu para retirar de circula\u00e7\u00e3o motoristas que colocavam em risco a pr\u00f3pria vida e a de terceiros.<\/p>\n\n\n\n<p>A Opera\u00e7\u00e3o Semana Santa integra o Calend\u00e1rio Nacional de a\u00e7\u00f5es da PRF, um conjunto de iniciativas coordenadas com outras institui\u00e7\u00f5es do Sistema Nacional de Tr\u00e2nsito (SNT) com o objetivo de promover a seguran\u00e7a vi\u00e1ria e reduzir o n\u00famero de acidentes nas rodovias federais. O resultado da opera\u00e7\u00e3o em Mar\u00edlia, com a aus\u00eancia de fatalidades, demonstra a import\u00e2ncia da fiscaliza\u00e7\u00e3o e da conscientiza\u00e7\u00e3o, mas o alto n\u00famero de infra\u00e7\u00f5es flagradas serve de alerta para a necessidade de um comportamento mais respons\u00e1vel por parte dos condutores.<\/p>\n<input type=\"hidden\" id=\"baseurl\" value=\"https:\/\/noticiasregionais.com.br\"><input type=\"hidden\" id=\"audio_nonce\" value=\"533fbb67b1\">","protected":false},"excerpt":{"rendered":"<p>A Pol\u00edcia Rodovi\u00e1ria Federal (PRF) encerrou, na \u00faltima segunda-feira (21), \u00e0s 23h59, a Opera\u00e7\u00e3o Semana Santa 2025 na regi\u00e3o de&hellip;<\/p>\n","protected":false},"author":1,"featured_media":5075,"comment_status":"closed","ping_status":"open","sticky":false,"template":"","format":"standard","meta":{"sfsi_plus_gutenberg_text_before_share":"","sfsi_plus_gutenberg_show_text_before_share":"","sfsi_plus_gutenberg_icon_type":"","sfsi_plus_gutenberg_icon_alignemt":"","sfsi_plus_gutenburg_max_per_row":"","footnotes":""},"categories":[6,10,1],"tags":[25],"class_list":["post-5074","post","type-post","status-publish","format-standard","has-post-thumbnail","hentry","category-sao_paulo","category-destaques","category-noticias","tag-marilia"],"_links":{"self":[{"href":"https:\/\/noticiasregionais.com.br\/index.php?rest_route=\/wp\/v2\/posts\/5074","targetHints":{"allow":["GET"]}}],"collection":[{"href":"https:\/\/noticiasregionais.com.br\/index.php?rest_route=\/wp\/v2\/posts"}],"about":[{"href":"https:\/\/noticiasregionais.com.br\/index.php?rest_route=\/wp\/v2\/types\/post"}],"author":[{"embeddable":true,"href":"https:\/\/noticiasregionais.com.br\/index.php?rest_route=\/wp\/v2\/users\/1"}],"replies":[{"embeddable":true,"href":"https:\/\/noticiasregionais.com.br\/index.php?rest_route=%2Fwp%2Fv2%2Fcomments&post=5074"}],"version-history":[{"count":1,"href":"https:\/\/noticiasregionais.com.br\/index.php?rest_route=\/wp\/v2\/posts\/5074\/revisions"}],"predecessor-version":[{"id":5076,"href":"https:\/\/noticiasregionais.com.br\/index.php?rest_route=\/wp\/v2\/posts\/5074\/revisions\/5076"}],"wp:featuredmedia":[{"embeddable":true,"href":"https:\/\/noticiasregionais.com.br\/index.php?rest_route=\/wp\/v2\/media\/5075"}],"wp:attachment":[{"href":"https:\/\/noticiasregionais.com.br\/index.php?rest_route=%2Fwp%2Fv2%2Fmedia&parent=5074"}],"wp:term":[{"taxonomy":"category","embeddable":true,"href":"https:\/\/noticiasregionais.com.br\/index.php?rest_route=%2Fwp%2Fv2%2Fcategories&post=5074"},{"taxonomy":"post_tag","embeddable":true,"href":"https:\/\/noticiasregionais.com.br\/index.php?rest_route=%2Fwp%2Fv2%2Ftags&post=5074"}],"curies":[{"name":"wp","href":"https:\/\/api.w.org\/{rel}","templated":true}]}}