{"id":5077,"date":"2025-04-22T14:53:03","date_gmt":"2025-04-22T17:53:03","guid":{"rendered":"https:\/\/noticiasregionais.com.br\/?p=5077"},"modified":"2025-04-22T14:53:05","modified_gmt":"2025-04-22T17:53:05","slug":"prefeito-de-ourinhos-propoe-mudancas-no-orcamento-de-2025-que-regulamenta-uso-dos-recursos-publicos","status":"publish","type":"post","link":"https:\/\/noticiasregionais.com.br\/?p=5077","title":{"rendered":"Prefeito de Ourinhos prop\u00f5e mudan\u00e7as no or\u00e7amento de 2025 que regulamenta uso dos recursos p\u00fablicos"},"content":{"rendered":"\n<p>O Prefeito de Ourinhos, Guilherme Andrew Gon\u00e7alves da Silva, enviou para vota\u00e7\u00e3o na pr\u00f3xima sess\u00e3o da C\u00e2mara Municipal, marcada para esta quarta-feira (23), o <strong>Projeto de Lei n\u00ba 12\/2025<\/strong>, que prop\u00f5e altera\u00e7\u00f5es em pontos espec\u00edficos da Lei Or\u00e7ament\u00e1ria Anual (Lei n\u00ba 7.008\/2024), que define como a Prefeitura pode gastar os recursos p\u00fablicos em 2025.<\/p>\n\n\n\n<p>O principal objetivo do projeto \u00e9 <strong>deixar mais claro como ser\u00e3o utilizados os recursos destinados a entidades sociais e de sa\u00fade<\/strong>, como hospitais, centros de atendimento a pacientes com c\u00e2ncer, entidades que cuidam de idosos e pessoas com defici\u00eancia, entre outros.<\/p>\n\n\n\n<p>A mudan\u00e7a foi sugerida pela pr\u00f3pria C\u00e2mara, por meio da Comiss\u00e3o de Finan\u00e7as e Or\u00e7amento, que identificou trechos da lei original com <strong>termos pouco espec\u00edficos<\/strong>, o que poderia causar d\u00favidas ou problemas na hora de aplicar os recursos.<\/p>\n\n\n\n<h3 class=\"wp-block-heading\"><strong>Para onde vai o dinheiro?<\/strong><\/h3>\n\n\n\n<p>Cada uma das altera\u00e7\u00f5es detalha exatamente quanto ser\u00e1 destinado e para que tipo de servi\u00e7o. Entre os beneficiados, est\u00e3o:<\/p>\n\n\n\n<ul class=\"wp-block-list\">\n<li>Hospitais e servi\u00e7os de sa\u00fade como pronto-socorro, quimioterapia e radioterapia;<\/li>\n\n\n\n<li>Entidades que cuidam de <strong>idosos<\/strong>, <strong>crian\u00e7as<\/strong>, <strong>pessoas com HIV\/AIDS<\/strong>, <strong>deficientes f\u00edsicos<\/strong>, <strong>pessoas com dist\u00farbios mentais<\/strong> e <strong>depend\u00eancia qu\u00edmica<\/strong>;<\/li>\n\n\n\n<li>Atividades esportivas, culturais e sociais voltadas ao fortalecimento de v\u00ednculos, principalmente com <strong>adolescentes e jovens<\/strong>;<\/li>\n\n\n\n<li>Ambulat\u00f3rios municipais, como o Ambulat\u00f3rio do Beb\u00ea e o Ambulat\u00f3rio de Feridas;<\/li>\n\n\n\n<li>A Casa Rosa, com recursos para melhorias na parte el\u00e9trica e hidr\u00e1ulica do consult\u00f3rio odontol\u00f3gico.<\/li>\n<\/ul>\n\n\n\n<p>O valor de cada grupo de mudan\u00e7as gira em torno de <strong>R$ 227 mil reais<\/strong>, e cada parte do or\u00e7amento teve indica\u00e7\u00f5es feitas por diferentes vereadores da cidade.<\/p>\n\n\n\n<h3 class=\"wp-block-heading\"><strong>Por que isso \u00e9 importante?<\/strong><\/h3>\n\n\n\n<p>Com essa nova reda\u00e7\u00e3o, o munic\u00edpio pretende <strong>evitar erros ou confus\u00f5es na hora de usar os recursos p\u00fablicos<\/strong>, al\u00e9m de garantir que o dinheiro chegue exatamente onde deve chegar. A proposta n\u00e3o muda os valores totais j\u00e1 previstos no or\u00e7amento, mas <strong>organiza e especifica melhor como eles ser\u00e3o aplicados<\/strong>.<\/p>\n\n\n\n<p>Segundo a justificativa enviada pelo Prefeito, a mudan\u00e7a \u00e9 uma forma de \u201c<strong>corrigir ambiguidades<\/strong>\u201d e dar \u201c<strong>mais seguran\u00e7a jur\u00eddica e clareza<\/strong>\u201d \u00e0 execu\u00e7\u00e3o do or\u00e7amento.<\/p>\n\n\n\n<p>Agora, cabe aos vereadores analisar e votar o projeto, que pode garantir <strong>mais transpar\u00eancia e efici\u00eancia no uso do dinheiro p\u00fablico<\/strong>.<\/p>\n\n\n\n<div data-wp-interactive=\"core\/file\" class=\"wp-block-file\"><object data-wp-bind--hidden=\"!state.hasPdfPreview\" hidden class=\"wp-block-file__embed\" data=\"https:\/\/noticiasregionais.com.br\/wp-content\/uploads\/2025\/04\/projeto-de-lei-no-12-2025-2d26f053a8bfa73a0f90910c15358bf3.pdf\" type=\"application\/pdf\" style=\"width:100%;height:600px\" aria-label=\"Incorporado de projeto-de-lei-no-12-2025-2d26f053a8bfa73a0f90910c15358bf3.\"><\/object><a id=\"wp-block-file--media-cc1cb5a5-bf9f-474c-b315-10957c5fa997\" href=\"https:\/\/noticiasregionais.com.br\/wp-content\/uploads\/2025\/04\/projeto-de-lei-no-12-2025-2d26f053a8bfa73a0f90910c15358bf3.pdf\" target=\"_blank\" rel=\"noreferrer noopener\">projeto-de-lei-no-12-2025-2d26f053a8bfa73a0f90910c15358bf3<\/a><a href=\"https:\/\/noticiasregionais.com.br\/wp-content\/uploads\/2025\/04\/projeto-de-lei-no-12-2025-2d26f053a8bfa73a0f90910c15358bf3.pdf\" class=\"wp-block-file__button wp-element-button\" download aria-describedby=\"wp-block-file--media-cc1cb5a5-bf9f-474c-b315-10957c5fa997\">Baixar<\/a><\/div>\n<input type=\"hidden\" id=\"baseurl\" value=\"https:\/\/noticiasregionais.com.br\"><input type=\"hidden\" id=\"audio_nonce\" value=\"533fbb67b1\">","protected":false},"excerpt":{"rendered":"<p>O Prefeito de Ourinhos, Guilherme Andrew Gon\u00e7alves da Silva, enviou para vota\u00e7\u00e3o na pr\u00f3xima sess\u00e3o da C\u00e2mara Municipal, marcada para&hellip;<\/p>\n","protected":false},"author":1,"featured_media":4355,"comment_status":"closed","ping_status":"open","sticky":false,"template":"","format":"standard","meta":{"sfsi_plus_gutenberg_text_before_share":"","sfsi_plus_gutenberg_show_text_before_share":"","sfsi_plus_gutenberg_icon_type":"","sfsi_plus_gutenberg_icon_alignemt":"","sfsi_plus_gutenburg_max_per_row":"","footnotes":""},"categories":[5,12,1],"tags":[16],"class_list":["post-5077","post","type-post","status-publish","format-standard","has-post-thumbnail","hentry","category-ourinhos","category-capa","category-noticias","tag-ourinhos"],"_links":{"self":[{"href":"https:\/\/noticiasregionais.com.br\/index.php?rest_route=\/wp\/v2\/posts\/5077","targetHints":{"allow":["GET"]}}],"collection":[{"href":"https:\/\/noticiasregionais.com.br\/index.php?rest_route=\/wp\/v2\/posts"}],"about":[{"href":"https:\/\/noticiasregionais.com.br\/index.php?rest_route=\/wp\/v2\/types\/post"}],"author":[{"embeddable":true,"href":"https:\/\/noticiasregionais.com.br\/index.php?rest_route=\/wp\/v2\/users\/1"}],"replies":[{"embeddable":true,"href":"https:\/\/noticiasregionais.com.br\/index.php?rest_route=%2Fwp%2Fv2%2Fcomments&post=5077"}],"version-history":[{"count":1,"href":"https:\/\/noticiasregionais.com.br\/index.php?rest_route=\/wp\/v2\/posts\/5077\/revisions"}],"predecessor-version":[{"id":5079,"href":"https:\/\/noticiasregionais.com.br\/index.php?rest_route=\/wp\/v2\/posts\/5077\/revisions\/5079"}],"wp:featuredmedia":[{"embeddable":true,"href":"https:\/\/noticiasregionais.com.br\/index.php?rest_route=\/wp\/v2\/media\/4355"}],"wp:attachment":[{"href":"https:\/\/noticiasregionais.com.br\/index.php?rest_route=%2Fwp%2Fv2%2Fmedia&parent=5077"}],"wp:term":[{"taxonomy":"category","embeddable":true,"href":"https:\/\/noticiasregionais.com.br\/index.php?rest_route=%2Fwp%2Fv2%2Fcategories&post=5077"},{"taxonomy":"post_tag","embeddable":true,"href":"https:\/\/noticiasregionais.com.br\/index.php?rest_route=%2Fwp%2Fv2%2Ftags&post=5077"}],"curies":[{"name":"wp","href":"https:\/\/api.w.org\/{rel}","templated":true}]}}