{"id":508,"date":"2023-09-20T20:00:24","date_gmt":"2023-09-20T23:00:24","guid":{"rendered":"https:\/\/noticiasregionais.com.br\/?p=508"},"modified":"2023-09-20T20:00:24","modified_gmt":"2023-09-20T23:00:24","slug":"prefeitura-de-ourinhos-recebeu-nova-viatura-maria-da-penha","status":"publish","type":"post","link":"https:\/\/noticiasregionais.com.br\/?p=508","title":{"rendered":"Prefeitura de Ourinhos recebeu nova viatura Maria da Penha"},"content":{"rendered":"\n<p>Na manh\u00e3 de sexta-feira (15), o prefeito Lucas Pocay, junto a diversas autoridades apresentou oficialmente a viatura Maria da Penha, um ve\u00edculo especializado em oferecer prote\u00e7\u00e3o e assist\u00eancia \u00e0s mulheres em situa\u00e7\u00e3o de risco.<\/p>\n\n\n\n<p>A viatura Maria da Penha foi destinada pelo Deputado Paulo Freire e agora est\u00e1 sob a responsabilidade da Guarda Municipal, que desempenhar\u00e1 um papel fundamental na prote\u00e7\u00e3o e assist\u00eancia \u00e0s mulheres v\u00edtimas de viol\u00eancia dom\u00e9stica.<\/p>\n\n\n\n<p>O ve\u00edculo foi equipado com recursos e tecnologias, que permitem uma resposta \u00e1gil e eficaz em situa\u00e7\u00f5es de emerg\u00eancia. Isso garantir\u00e1 um ambiente mais seguro para as mulheres em situa\u00e7\u00e3o de risco.<\/p>\n\n\n\n<p>A implanta\u00e7\u00e3o deste servi\u00e7o representa mais um avan\u00e7o significativo na miss\u00e3o da gest\u00e3o municipal em proteger as mulheres contra a viol\u00eancia dom\u00e9stica e refor\u00e7a o compromisso das autoridades em criar um ambiente mais seguro e acolhedor para o p\u00fablico feminino.<\/p>\n<input type=\"hidden\" id=\"baseurl\" value=\"https:\/\/noticiasregionais.com.br\"><input type=\"hidden\" id=\"audio_nonce\" value=\"533fbb67b1\">","protected":false},"excerpt":{"rendered":"<p>Na manh\u00e3 de sexta-feira (15), o prefeito Lucas Pocay, junto a diversas autoridades apresentou oficialmente a viatura Maria da Penha,&hellip;<\/p>\n","protected":false},"author":1,"featured_media":509,"comment_status":"closed","ping_status":"open","sticky":false,"template":"","format":"standard","meta":{"sfsi_plus_gutenberg_text_before_share":"","sfsi_plus_gutenberg_show_text_before_share":"","sfsi_plus_gutenberg_icon_type":"","sfsi_plus_gutenberg_icon_alignemt":"","sfsi_plus_gutenburg_max_per_row":"","footnotes":""},"categories":[5,10,1],"tags":[],"class_list":["post-508","post","type-post","status-publish","format-standard","has-post-thumbnail","hentry","category-ourinhos","category-destaques","category-noticias"],"_links":{"self":[{"href":"https:\/\/noticiasregionais.com.br\/index.php?rest_route=\/wp\/v2\/posts\/508","targetHints":{"allow":["GET"]}}],"collection":[{"href":"https:\/\/noticiasregionais.com.br\/index.php?rest_route=\/wp\/v2\/posts"}],"about":[{"href":"https:\/\/noticiasregionais.com.br\/index.php?rest_route=\/wp\/v2\/types\/post"}],"author":[{"embeddable":true,"href":"https:\/\/noticiasregionais.com.br\/index.php?rest_route=\/wp\/v2\/users\/1"}],"replies":[{"embeddable":true,"href":"https:\/\/noticiasregionais.com.br\/index.php?rest_route=%2Fwp%2Fv2%2Fcomments&post=508"}],"version-history":[{"count":1,"href":"https:\/\/noticiasregionais.com.br\/index.php?rest_route=\/wp\/v2\/posts\/508\/revisions"}],"predecessor-version":[{"id":510,"href":"https:\/\/noticiasregionais.com.br\/index.php?rest_route=\/wp\/v2\/posts\/508\/revisions\/510"}],"wp:featuredmedia":[{"embeddable":true,"href":"https:\/\/noticiasregionais.com.br\/index.php?rest_route=\/wp\/v2\/media\/509"}],"wp:attachment":[{"href":"https:\/\/noticiasregionais.com.br\/index.php?rest_route=%2Fwp%2Fv2%2Fmedia&parent=508"}],"wp:term":[{"taxonomy":"category","embeddable":true,"href":"https:\/\/noticiasregionais.com.br\/index.php?rest_route=%2Fwp%2Fv2%2Fcategories&post=508"},{"taxonomy":"post_tag","embeddable":true,"href":"https:\/\/noticiasregionais.com.br\/index.php?rest_route=%2Fwp%2Fv2%2Ftags&post=508"}],"curies":[{"name":"wp","href":"https:\/\/api.w.org\/{rel}","templated":true}]}}