{"id":5080,"date":"2025-04-22T15:08:51","date_gmt":"2025-04-22T18:08:51","guid":{"rendered":"https:\/\/noticiasregionais.com.br\/?p=5080"},"modified":"2025-04-22T15:08:53","modified_gmt":"2025-04-22T18:08:53","slug":"mais-de-52-milhoes-de-brasileiros-ainda-precisam-regularizar-o-titulo-de-eleitor","status":"publish","type":"post","link":"https:\/\/noticiasregionais.com.br\/?p=5080","title":{"rendered":"Mais de 5,2 milh\u00f5es de brasileiros ainda precisam regularizar o t\u00edtulo de eleitor"},"content":{"rendered":"\n<p class=\"has-text-align-center\"><strong>Prazo final para resolver pend\u00eancias com a Justi\u00e7a Eleitoral \u00e9 19 de maio<\/strong><\/p>\n\n\n\n<p>O prazo para regulariza\u00e7\u00e3o do t\u00edtulo de eleitor est\u00e1 se aproximando: os eleitores brasileiros t\u00eam at\u00e9 o dia <strong>19 de maio<\/strong> para deixar a situa\u00e7\u00e3o em dia com a Justi\u00e7a Eleitoral. Segundo o <strong>Tribunal Superior Eleitoral (TSE)<\/strong>, mais de <strong>5,2 milh\u00f5es de pessoas<\/strong> ainda precisam resolver pend\u00eancias relacionadas ao documento.<\/p>\n\n\n\n<p>Nos \u00faltimos 30 dias, mais de <strong>68 mil eleitores<\/strong> conseguiram regularizar suas situa\u00e7\u00f5es ap\u00f3s n\u00e3o comparecerem \u00e0s urnas, n\u00e3o justificarem a aus\u00eancia e n\u00e3o quitarem as multas relativas a tr\u00eas elei\u00e7\u00f5es consecutivas. Vale lembrar que cada turno conta como um pleito separado, inclusive os suplementares.<\/p>\n\n\n\n<p>Quem n\u00e3o resolver as pend\u00eancias at\u00e9 a data limite poder\u00e1 ter o <strong>t\u00edtulo de eleitor cancelado<\/strong>. Nesses casos, o cidad\u00e3o \u00e9 classificado como <strong>faltoso<\/strong>, ou seja, aquele que deixou de votar, justificar e pagar a multa por tr\u00eas elei\u00e7\u00f5es seguidas.<\/p>\n\n\n\n<h3 class=\"wp-block-heading\">Perfil dos eleitores com pend\u00eancias<\/h3>\n\n\n\n<p>Dados divulgados pelo TSE mostram que <strong>58% dos eleitores com irregularidades s\u00e3o homens<\/strong>. Em rela\u00e7\u00e3o ao n\u00edvel de escolaridade, a maior parcela (30,33%) n\u00e3o concluiu o ensino fundamental. A faixa et\u00e1ria mais afetada \u00e9 a de <strong>25 a 29 anos<\/strong>.<\/p>\n\n\n\n<h3 class=\"wp-block-heading\">Como verificar e regularizar o t\u00edtulo de eleitor?<\/h3>\n\n\n\n<p>A consulta da situa\u00e7\u00e3o eleitoral deve ser feita exclusivamente nos canais oficiais da Justi\u00e7a Eleitoral. Confira as op\u00e7\u00f5es:<\/p>\n\n\n\n<h4 class=\"wp-block-heading\">1. <strong>Autoatendimento Eleitoral<\/strong><\/h4>\n\n\n\n<p>No portal de Autoatendimento Eleitoral, \u00e9 poss\u00edvel acessar a op\u00e7\u00e3o <strong>\u201cT\u00edtulo Eleitoral\u201d<\/strong> e, em seguida, clicar em <strong>\u201cConsultar situa\u00e7\u00e3o eleitoral\u201d<\/strong>.<br>Para verificar ou regularizar o cadastro, selecione a <strong>op\u00e7\u00e3o 7<\/strong> (consulta) ou a <strong>op\u00e7\u00e3o 6<\/strong> (regulariza\u00e7\u00e3o).<br>Ser\u00e1 necess\u00e1rio fornecer informa\u00e7\u00f5es como <strong>nome completo, n\u00famero do t\u00edtulo ou CPF<\/strong>, al\u00e9m da <strong>data de nascimento<\/strong> e o <strong>nome da m\u00e3e<\/strong>.<\/p>\n\n\n\n<h4 class=\"wp-block-heading\">2. <strong>Aplicativo e-T\u00edtulo<\/strong><\/h4>\n\n\n\n<p>No app <strong>e-T\u00edtulo<\/strong>, o eleitor deve ir em <strong>\u201cMais op\u00e7\u00f5es\u201d<\/strong> e depois clicar em <strong>\u201cConsultar situa\u00e7\u00e3o eleitoral\u201d<\/strong>.<br>Caso existam d\u00e9bitos, basta selecionar a fun\u00e7\u00e3o <strong>\u201cPagar multa eleitoral\u201d<\/strong> e seguir as instru\u00e7\u00f5es para quitar os valores pendentes.<\/p>\n\n\n\n<h4 class=\"wp-block-heading\">3. <strong>Atendimento presencial no cart\u00f3rio eleitoral<\/strong><\/h4>\n\n\n\n<p>Quem preferir pode comparecer ao <strong>cart\u00f3rio eleitoral<\/strong> mais pr\u00f3ximo. \u00c9 necess\u00e1rio apresentar:<\/p>\n\n\n\n<ul class=\"wp-block-list\">\n<li>Documento oficial com foto;<\/li>\n\n\n\n<li>T\u00edtulo de eleitor ou o e-T\u00edtulo;<\/li>\n\n\n\n<li>Comprovantes de vota\u00e7\u00e3o e justificativas, se houver;<\/li>\n\n\n\n<li>Comprovante de dispensa de multa ou comprovantes de pagamento.<\/li>\n<\/ul>\n\n\n\n<hr class=\"wp-block-separator has-alpha-channel-opacity\"\/>\n\n\n\n<p><strong>Fonte<\/strong>: Brasil 61 \u2013 <a class=\"\" href=\"https:\/\/brasil61.com\/n\/titulo-eleitoral-mais-de-5-2-milhoes-de-pessoas-ainda-precisam-regularizar-situacao-bras2513801\" target=\"_blank\" rel=\"noopener\">Link para a mat\u00e9ria original<\/a><\/p>\n<input type=\"hidden\" id=\"baseurl\" value=\"https:\/\/noticiasregionais.com.br\"><input type=\"hidden\" id=\"audio_nonce\" value=\"533fbb67b1\">","protected":false},"excerpt":{"rendered":"<p>Prazo final para resolver pend\u00eancias com a Justi\u00e7a Eleitoral \u00e9 19 de maio O prazo para regulariza\u00e7\u00e3o do t\u00edtulo de&hellip;<\/p>\n","protected":false},"author":1,"featured_media":5081,"comment_status":"closed","ping_status":"open","sticky":false,"template":"","format":"standard","meta":{"sfsi_plus_gutenberg_text_before_share":"","sfsi_plus_gutenberg_show_text_before_share":"","sfsi_plus_gutenberg_icon_type":"","sfsi_plus_gutenberg_icon_alignemt":"","sfsi_plus_gutenburg_max_per_row":"","footnotes":""},"categories":[8,10,1],"tags":[],"class_list":["post-5080","post","type-post","status-publish","format-standard","has-post-thumbnail","hentry","category-brasil","category-destaques","category-noticias"],"_links":{"self":[{"href":"https:\/\/noticiasregionais.com.br\/index.php?rest_route=\/wp\/v2\/posts\/5080","targetHints":{"allow":["GET"]}}],"collection":[{"href":"https:\/\/noticiasregionais.com.br\/index.php?rest_route=\/wp\/v2\/posts"}],"about":[{"href":"https:\/\/noticiasregionais.com.br\/index.php?rest_route=\/wp\/v2\/types\/post"}],"author":[{"embeddable":true,"href":"https:\/\/noticiasregionais.com.br\/index.php?rest_route=\/wp\/v2\/users\/1"}],"replies":[{"embeddable":true,"href":"https:\/\/noticiasregionais.com.br\/index.php?rest_route=%2Fwp%2Fv2%2Fcomments&post=5080"}],"version-history":[{"count":1,"href":"https:\/\/noticiasregionais.com.br\/index.php?rest_route=\/wp\/v2\/posts\/5080\/revisions"}],"predecessor-version":[{"id":5082,"href":"https:\/\/noticiasregionais.com.br\/index.php?rest_route=\/wp\/v2\/posts\/5080\/revisions\/5082"}],"wp:featuredmedia":[{"embeddable":true,"href":"https:\/\/noticiasregionais.com.br\/index.php?rest_route=\/wp\/v2\/media\/5081"}],"wp:attachment":[{"href":"https:\/\/noticiasregionais.com.br\/index.php?rest_route=%2Fwp%2Fv2%2Fmedia&parent=5080"}],"wp:term":[{"taxonomy":"category","embeddable":true,"href":"https:\/\/noticiasregionais.com.br\/index.php?rest_route=%2Fwp%2Fv2%2Fcategories&post=5080"},{"taxonomy":"post_tag","embeddable":true,"href":"https:\/\/noticiasregionais.com.br\/index.php?rest_route=%2Fwp%2Fv2%2Ftags&post=5080"}],"curies":[{"name":"wp","href":"https:\/\/api.w.org\/{rel}","templated":true}]}}