{"id":5085,"date":"2025-04-23T14:42:48","date_gmt":"2025-04-23T17:42:48","guid":{"rendered":"https:\/\/noticiasregionais.com.br\/?p=5085"},"modified":"2025-04-23T14:42:53","modified_gmt":"2025-04-23T17:42:53","slug":"prefeitura-de-ourinhos-inicia-recapeamento-da-rua-alexandre-rosa-no-jardim-paulista","status":"publish","type":"post","link":"https:\/\/noticiasregionais.com.br\/?p=5085","title":{"rendered":"Prefeitura de Ourinhos inicia recapeamento da Rua Alexandre Rosa no Jardim Paulista"},"content":{"rendered":"\n<p>A Prefeitura de Ourinhos deu in\u00edcio nesta quarta-feira (23) ao recapeamento completo da Rua Alexandre Rosa, no Jardim Paulista. A via, que h\u00e1 anos sofria com buracos e desgaste do asfalto, est\u00e1 sendo totalmente revitalizada com nova pavimenta\u00e7\u00e3o, melhorando significativamente as condi\u00e7\u00f5es de tr\u00e1fego na regi\u00e3o.<\/p>\n\n\n\n<p>A interven\u00e7\u00e3o atende ao requerimento n.\u00ba 377\/2025, apresentado pelo vereador Wesley Carlos, que atendeu \u00e0s solicita\u00e7\u00f5es dos moradores e levou a demanda \u00e0 administra\u00e7\u00e3o municipal. Ap\u00f3s an\u00e1lise t\u00e9cnica, a rua foi inclu\u00edda no cronograma de obras e agora passa por melhorias com recursos pr\u00f3prios da Prefeitura.<\/p>\n\n\n\n<p>A iniciativa faz parte do programa permanente de recupera\u00e7\u00e3o da malha vi\u00e1ria urbana, que vem sendo ampliado pela atual gest\u00e3o com foco na mobilidade urbana e seguran\u00e7a dos mun\u00edcipes.<\/p>\n\n\n\n<blockquote class=\"wp-block-quote is-layout-flow wp-block-quote-is-layout-flow\">\n<p>\u201cSabemos que ruas bem cuidadas impactam diretamente na seguran\u00e7a e na qualidade de vida dos moradores\u201d, destacou o prefeito Guilherme Gon\u00e7alves.<\/p>\n<\/blockquote>\n\n\n\n<h3 class=\"wp-block-heading\">Pr\u00f3ximas etapas<\/h3>\n\n\n\n<p>A Prefeitura informou que novas vias ser\u00e3o contempladas nas pr\u00f3ximas semanas, seguindo crit\u00e9rios t\u00e9cnicos e prioridades definidas em conjunto com a comunidade.<\/p>\n<input type=\"hidden\" id=\"baseurl\" value=\"https:\/\/noticiasregionais.com.br\"><input type=\"hidden\" id=\"audio_nonce\" value=\"533fbb67b1\">","protected":false},"excerpt":{"rendered":"<p>A Prefeitura de Ourinhos deu in\u00edcio nesta quarta-feira (23) ao recapeamento completo da Rua Alexandre Rosa, no Jardim Paulista. A&hellip;<\/p>\n","protected":false},"author":1,"featured_media":5086,"comment_status":"closed","ping_status":"open","sticky":false,"template":"","format":"standard","meta":{"sfsi_plus_gutenberg_text_before_share":"","sfsi_plus_gutenberg_show_text_before_share":"","sfsi_plus_gutenberg_icon_type":"","sfsi_plus_gutenberg_icon_alignemt":"","sfsi_plus_gutenburg_max_per_row":"","footnotes":""},"categories":[5,10,1],"tags":[16],"class_list":["post-5085","post","type-post","status-publish","format-standard","has-post-thumbnail","hentry","category-ourinhos","category-destaques","category-noticias","tag-ourinhos"],"_links":{"self":[{"href":"https:\/\/noticiasregionais.com.br\/index.php?rest_route=\/wp\/v2\/posts\/5085","targetHints":{"allow":["GET"]}}],"collection":[{"href":"https:\/\/noticiasregionais.com.br\/index.php?rest_route=\/wp\/v2\/posts"}],"about":[{"href":"https:\/\/noticiasregionais.com.br\/index.php?rest_route=\/wp\/v2\/types\/post"}],"author":[{"embeddable":true,"href":"https:\/\/noticiasregionais.com.br\/index.php?rest_route=\/wp\/v2\/users\/1"}],"replies":[{"embeddable":true,"href":"https:\/\/noticiasregionais.com.br\/index.php?rest_route=%2Fwp%2Fv2%2Fcomments&post=5085"}],"version-history":[{"count":1,"href":"https:\/\/noticiasregionais.com.br\/index.php?rest_route=\/wp\/v2\/posts\/5085\/revisions"}],"predecessor-version":[{"id":5087,"href":"https:\/\/noticiasregionais.com.br\/index.php?rest_route=\/wp\/v2\/posts\/5085\/revisions\/5087"}],"wp:featuredmedia":[{"embeddable":true,"href":"https:\/\/noticiasregionais.com.br\/index.php?rest_route=\/wp\/v2\/media\/5086"}],"wp:attachment":[{"href":"https:\/\/noticiasregionais.com.br\/index.php?rest_route=%2Fwp%2Fv2%2Fmedia&parent=5085"}],"wp:term":[{"taxonomy":"category","embeddable":true,"href":"https:\/\/noticiasregionais.com.br\/index.php?rest_route=%2Fwp%2Fv2%2Fcategories&post=5085"},{"taxonomy":"post_tag","embeddable":true,"href":"https:\/\/noticiasregionais.com.br\/index.php?rest_route=%2Fwp%2Fv2%2Ftags&post=5085"}],"curies":[{"name":"wp","href":"https:\/\/api.w.org\/{rel}","templated":true}]}}