{"id":5088,"date":"2025-04-24T10:34:03","date_gmt":"2025-04-24T13:34:03","guid":{"rendered":"https:\/\/noticiasregionais.com.br\/?p=5088"},"modified":"2025-04-24T10:34:06","modified_gmt":"2025-04-24T13:34:06","slug":"com-mais-de-56-mil-casos-provaveis-ourinhos-registra-o-setimo-obito-por-dengue","status":"publish","type":"post","link":"https:\/\/noticiasregionais.com.br\/?p=5088","title":{"rendered":"Com mais de 5,6 mil casos prov\u00e1veis, Ourinhos registra o s\u00e9timo \u00f3bito por dengue"},"content":{"rendered":"\n<p>A Secretaria Municipal de Sa\u00fade de Ourinhos confirmou nesta quarta-feira (24) o s\u00e9timo \u00f3bito por dengue no munic\u00edpio em 2025. A v\u00edtima \u00e9 um homem de 48 anos que faleceu no dia 25 de mar\u00e7o. Outros tr\u00eas \u00f3bitos seguem sob investiga\u00e7\u00e3o para confirmar se tamb\u00e9m foram causados pela doen\u00e7a.<\/p>\n\n\n\n<p>De acordo com o \u00faltimo boletim epidemiol\u00f3gico, a cidade j\u00e1 contabiliza 2.715 casos confirmados de dengue, al\u00e9m de 5.680 casos considerados prov\u00e1veis. O aumento expressivo no n\u00famero de infectados tem preocupado as autoridades de sa\u00fade, que refor\u00e7am a necessidade urgente de a\u00e7\u00f5es preventivas.<\/p>\n\n\n\n<p>A Secretaria destaca a import\u00e2ncia de eliminar focos de prolifera\u00e7\u00e3o do mosquito <strong>Aedes aegypti<\/strong>, transmissor da dengue. Entre as medidas preventivas est\u00e3o o descarte adequado de lixo, a limpeza de calhas, o esvaziamento de recipientes que acumulam \u00e1gua e a manuten\u00e7\u00e3o de caixas d\u2019\u00e1gua sempre fechadas.<\/p>\n\n\n\n<p>Al\u00e9m disso, a popula\u00e7\u00e3o deve ficar atenta aos sintomas da doen\u00e7a, como <strong>febre alta, dores no corpo, manchas vermelhas na pele, dor atr\u00e1s dos olhos e mal-estar geral<\/strong>. Ao identificar os sinais, \u00e9 essencial procurar atendimento m\u00e9dico imediato para evitar complica\u00e7\u00f5es.<\/p>\n\n\n\n<p>\u201cPedimos \u00e0 popula\u00e7\u00e3o que colabore com as a\u00e7\u00f5es de combate \u00e0 dengue e mantenha-se atenta \u00e0s orienta\u00e7\u00f5es dos \u00f3rg\u00e3os de sa\u00fade\u201d, alertou a Secretaria em nota oficial.<\/p>\n\n\n\n<p>Com o cen\u00e1rio atual, a mobiliza\u00e7\u00e3o da sociedade torna-se indispens\u00e1vel para conter o avan\u00e7o da doen\u00e7a e preservar vidas.<\/p>\n<input type=\"hidden\" id=\"baseurl\" value=\"https:\/\/noticiasregionais.com.br\"><input type=\"hidden\" id=\"audio_nonce\" value=\"533fbb67b1\">","protected":false},"excerpt":{"rendered":"<p>A Secretaria Municipal de Sa\u00fade de Ourinhos confirmou nesta quarta-feira (24) o s\u00e9timo \u00f3bito por dengue no munic\u00edpio em 2025.&hellip;<\/p>\n","protected":false},"author":1,"featured_media":2047,"comment_status":"closed","ping_status":"open","sticky":false,"template":"","format":"standard","meta":{"sfsi_plus_gutenberg_text_before_share":"","sfsi_plus_gutenberg_show_text_before_share":"","sfsi_plus_gutenberg_icon_type":"","sfsi_plus_gutenberg_icon_alignemt":"","sfsi_plus_gutenburg_max_per_row":"","footnotes":""},"categories":[5,12,1],"tags":[16],"class_list":["post-5088","post","type-post","status-publish","format-standard","has-post-thumbnail","hentry","category-ourinhos","category-capa","category-noticias","tag-ourinhos"],"_links":{"self":[{"href":"https:\/\/noticiasregionais.com.br\/index.php?rest_route=\/wp\/v2\/posts\/5088","targetHints":{"allow":["GET"]}}],"collection":[{"href":"https:\/\/noticiasregionais.com.br\/index.php?rest_route=\/wp\/v2\/posts"}],"about":[{"href":"https:\/\/noticiasregionais.com.br\/index.php?rest_route=\/wp\/v2\/types\/post"}],"author":[{"embeddable":true,"href":"https:\/\/noticiasregionais.com.br\/index.php?rest_route=\/wp\/v2\/users\/1"}],"replies":[{"embeddable":true,"href":"https:\/\/noticiasregionais.com.br\/index.php?rest_route=%2Fwp%2Fv2%2Fcomments&post=5088"}],"version-history":[{"count":1,"href":"https:\/\/noticiasregionais.com.br\/index.php?rest_route=\/wp\/v2\/posts\/5088\/revisions"}],"predecessor-version":[{"id":5089,"href":"https:\/\/noticiasregionais.com.br\/index.php?rest_route=\/wp\/v2\/posts\/5088\/revisions\/5089"}],"wp:featuredmedia":[{"embeddable":true,"href":"https:\/\/noticiasregionais.com.br\/index.php?rest_route=\/wp\/v2\/media\/2047"}],"wp:attachment":[{"href":"https:\/\/noticiasregionais.com.br\/index.php?rest_route=%2Fwp%2Fv2%2Fmedia&parent=5088"}],"wp:term":[{"taxonomy":"category","embeddable":true,"href":"https:\/\/noticiasregionais.com.br\/index.php?rest_route=%2Fwp%2Fv2%2Fcategories&post=5088"},{"taxonomy":"post_tag","embeddable":true,"href":"https:\/\/noticiasregionais.com.br\/index.php?rest_route=%2Fwp%2Fv2%2Ftags&post=5088"}],"curies":[{"name":"wp","href":"https:\/\/api.w.org\/{rel}","templated":true}]}}