{"id":5090,"date":"2025-04-24T10:59:49","date_gmt":"2025-04-24T13:59:49","guid":{"rendered":"https:\/\/noticiasregionais.com.br\/?p=5090"},"modified":"2025-04-24T10:59:53","modified_gmt":"2025-04-24T13:59:53","slug":"gasto-brasil-nova-ferramenta-exibe-despesas-publicas-em-tempo-real-e-reforca-controle-social","status":"publish","type":"post","link":"https:\/\/noticiasregionais.com.br\/?p=5090","title":{"rendered":"Gasto Brasil: nova ferramenta exibe despesas p\u00fablicas em tempo real e refor\u00e7a controle social"},"content":{"rendered":"\n<h4 class=\"wp-block-heading has-text-align-center\">No modelo do Impost\u00f4metro \u2014 que monitora a arrecada\u00e7\u00e3o \u2014, a nova ferramenta funciona como \u201ccalculadora\u201d e permite o monitoramento dos gastos p\u00fablicos da Uni\u00e3o, dos estados, dos munic\u00edpios e do Distrito Federal<\/h4>\n\n\n\n<p>Ali, bem no cora\u00e7\u00e3o de S\u00e3o Paulo, uma placa luminosa brilha com n\u00fameros que aumentam sem parar. \u00c9 o <a href=\"http:\/\/gastobrasil.com.br\" target=\"_blank\" rel=\"noopener\"><strong>Gasto Brasil <\/strong><\/a>\u2014 uma ferramenta criada pela <a href=\"https:\/\/cacb.org.br\/\" target=\"_blank\" rel=\"noopener\"><strong>Confedera\u00e7\u00e3o das Associa\u00e7\u00f5es Comerciais e Empresariais do Brasil (CACB)<\/strong><\/a>, em parceria com a <strong><a href=\"https:\/\/acsp.com.br\/\" target=\"_blank\" rel=\"noopener\">Associa\u00e7\u00e3o Comercial de S\u00e3o Paulo (ACSP)<\/a><\/strong>, que exibe <strong>dados de valores dos gastos b\u00e1sicos do governo, como despesas com pessoal, gastos previdenci\u00e1rios e investimentos<\/strong>.&nbsp;<\/p>\n\n\n\n<figure class=\"wp-block-embed is-type-rich is-provider-incorporar-manipulador wp-block-embed-incorporar-manipulador wp-embed-aspect-16-9 wp-has-aspect-ratio\"><div class=\"wp-block-embed__wrapper\">\n<iframe loading=\"lazy\" title=\"Lan\u00e7amento do Gasto Brasil - 23\/04 - Pra\u00e7a P\u00e1tio da Escola\" width=\"640\" height=\"360\" src=\"https:\/\/www.youtube.com\/embed\/PfSd3Vqn0EA?feature=oembed\" frameborder=\"0\" allow=\"accelerometer; autoplay; clipboard-write; encrypted-media; gyroscope; picture-in-picture; web-share\" referrerpolicy=\"strict-origin-when-cross-origin\" allowfullscreen><\/iframe>\n<\/div><\/figure>\n\n\n\n<p>O painel, <strong>instalado na fachada da ACSP, exibe os mesmos dados do site <a href=\"http:\/\/gastobrasil.com.br\" target=\"_blank\" rel=\"noopener\">gastobrasil.com.br<\/a>, tamb\u00e9m lan\u00e7ado nesta quarta-feira (23)<\/strong>. S\u00e3o ferramentas criadas para dar mais transpar\u00eancia \u00e0 aplica\u00e7\u00e3o dos recursos p\u00fablicos e estimular a conscientiza\u00e7\u00e3o da sociedade sobre o impacto desses valores no cotidiano dos brasileiros.<\/p>\n\n\n\n<p>Por meio do cruzamento de dados oficiais, gestores p\u00fablicos e a popula\u00e7\u00e3o em geral podem <strong>ter acesso ao total de gastos de uma localidade \u2014 seja um munic\u00edpio, um estado ou mesmo da Uni\u00e3o<\/strong>. Uma inova\u00e7\u00e3o, segundo o presidente da CACB, Alfredo Cotait, que vai mostrar \u00e0 popula\u00e7\u00e3o que o governo est\u00e1 gastando mais do que arrecada.<\/p>\n\n\n\n<p>\u201cEssa conta mostra o d\u00e9ficit, que \u00e9 coberto por d\u00edvida. Isso precisa ser feito por meio de uma mensagem para que a popula\u00e7\u00e3o cobre dos nossos governantes, dos parlamentares, que \u00e9 necess\u00e1rio cortar despesas. N\u00f3s temos que dar \u00e0 popula\u00e7\u00e3o informa\u00e7\u00e3o e instrumentos de cobran\u00e7a\u201d, declarou Cotait. &nbsp;<\/p>\n\n\n\n<h2 class=\"wp-block-heading\"><br>Gasto Brasil<\/h2>\n\n\n\n<p>A ferramenta \u00e9 alimentada com dados oficiais da <a href=\"https:\/\/www.gov.br\/tesouronacional\/pt-br\" target=\"_blank\" rel=\"noopener\"><strong>Secretaria do Tesouro Nacional<\/strong><\/a>, baseados em <strong>informa\u00e7\u00f5es das despesas efetivamente pagas pelos entes p\u00fablicos, e soma valores relativos, divulgados a cada dois meses. Esses dados s\u00e3o processados de forma autom\u00e1tica e integrados em uma base central, o que permite atualiza\u00e7\u00f5es frequentes.<\/strong><\/p>\n\n\n\n<p>Para se ter uma ideia, a maior despesa do Governo Federal est\u00e1 concentrada em duas categorias: Previd\u00eancia Social e Despesas com Pessoal (incluindo encargos sociais) \u2014 que representam, juntas, aproximadamente 60% do total de gastos da Uni\u00e3o. O que garante a confiabilidade dos dados que nutrem a plataforma \u00e9 uma metodologia inovadora, que passa por atualiza\u00e7\u00f5es constantes.&nbsp;<\/p>\n\n\n\n<p>Para o presidente da Associa\u00e7\u00e3o Comercial de S\u00e3o Paulo, Roberto Ordine, o Gasto Brasil d\u00e1 condi\u00e7\u00f5es para que a popula\u00e7\u00e3o analise o certo e o errado.&nbsp;<br>\u201cNa sua casa, voc\u00ea gasta de acordo com o que voc\u00ea ganha. Se estiver gastando mais, um dos dois est\u00e1 errado: ou a d\u00edvida, ou a fam\u00edlia. E \u00e9 mais ou menos isso que n\u00f3s precisamos. Hoje j\u00e1 temos essa no\u00e7\u00e3o de que os gastos s\u00e3o maiores do que a arrecada\u00e7\u00e3o. Portanto, esse gasto precisa ser alterado\u201d, defende Ordine.<\/p>\n\n\n\n<h2 class=\"wp-block-heading\"><br>Impost\u00f4metro<\/h2>\n\n\n\n<p>O evento de lan\u00e7amento do Gasto Brasil foi aberto com uma homenagem ao <strong>Impost\u00f4metro <\/strong>\u2014 a calculadora de tributos que completa 20 anos e que revolucionou a forma como o cidad\u00e3o enxerga o pagamento de impostos no Brasil, mostrando, em tempo real, tudo o que \u00e9 arrecadado de tributos no pa\u00eds.&nbsp;<\/p>\n\n\n\n<p>Para Guilherme Afif Domingos, hoje presidente do Conselho Consultivo da CACB e, \u00e0 \u00e9poca, um dos idealizadores do Impost\u00f4metro, o Gasto Brasil vem ajudar o cidad\u00e3o a ter muni\u00e7\u00e3o para cobrar melhores investimentos do dinheiro p\u00fablico pelas autoridades.&nbsp;<\/p>\n\n\n\n<p>\u201cN\u00f3s temos que primeiro cuidar do gasto, para sabermos que o imposto \u00e9 aquele que \u00e9 poss\u00edvel ser cobrado \u2014 e n\u00e3o esfolar a sociedade para manter uma estrutura de Estado que nos oprime e n\u00e3o nos devolve em forma de servi\u00e7os para a cidadania\u201d, defendeu Afif.&nbsp;<br>&nbsp;<\/p>\n\n\n\n<p>Fonte: <a href=\"https:\/\/brasil61.com\/n\/gasto-brasil-nova-ferramenta-exibe-despesas-publicas-em-tempo-real-e-reforca-controle-social-cacb250001\" target=\"_blank\" rel=\"noreferrer noopener\">Brasil 61<\/a><\/p>\n<input type=\"hidden\" id=\"baseurl\" value=\"https:\/\/noticiasregionais.com.br\"><input type=\"hidden\" id=\"audio_nonce\" value=\"533fbb67b1\">","protected":false},"excerpt":{"rendered":"<p>No modelo do Impost\u00f4metro \u2014 que monitora a arrecada\u00e7\u00e3o \u2014, a nova ferramenta funciona como \u201ccalculadora\u201d e permite o monitoramento&hellip;<\/p>\n","protected":false},"author":1,"featured_media":5092,"comment_status":"closed","ping_status":"open","sticky":false,"template":"","format":"standard","meta":{"sfsi_plus_gutenberg_text_before_share":"","sfsi_plus_gutenberg_show_text_before_share":"","sfsi_plus_gutenberg_icon_type":"","sfsi_plus_gutenberg_icon_alignemt":"","sfsi_plus_gutenburg_max_per_row":"","footnotes":""},"categories":[8,10,1],"tags":[],"class_list":["post-5090","post","type-post","status-publish","format-standard","has-post-thumbnail","hentry","category-brasil","category-destaques","category-noticias"],"_links":{"self":[{"href":"https:\/\/noticiasregionais.com.br\/index.php?rest_route=\/wp\/v2\/posts\/5090","targetHints":{"allow":["GET"]}}],"collection":[{"href":"https:\/\/noticiasregionais.com.br\/index.php?rest_route=\/wp\/v2\/posts"}],"about":[{"href":"https:\/\/noticiasregionais.com.br\/index.php?rest_route=\/wp\/v2\/types\/post"}],"author":[{"embeddable":true,"href":"https:\/\/noticiasregionais.com.br\/index.php?rest_route=\/wp\/v2\/users\/1"}],"replies":[{"embeddable":true,"href":"https:\/\/noticiasregionais.com.br\/index.php?rest_route=%2Fwp%2Fv2%2Fcomments&post=5090"}],"version-history":[{"count":1,"href":"https:\/\/noticiasregionais.com.br\/index.php?rest_route=\/wp\/v2\/posts\/5090\/revisions"}],"predecessor-version":[{"id":5093,"href":"https:\/\/noticiasregionais.com.br\/index.php?rest_route=\/wp\/v2\/posts\/5090\/revisions\/5093"}],"wp:featuredmedia":[{"embeddable":true,"href":"https:\/\/noticiasregionais.com.br\/index.php?rest_route=\/wp\/v2\/media\/5092"}],"wp:attachment":[{"href":"https:\/\/noticiasregionais.com.br\/index.php?rest_route=%2Fwp%2Fv2%2Fmedia&parent=5090"}],"wp:term":[{"taxonomy":"category","embeddable":true,"href":"https:\/\/noticiasregionais.com.br\/index.php?rest_route=%2Fwp%2Fv2%2Fcategories&post=5090"},{"taxonomy":"post_tag","embeddable":true,"href":"https:\/\/noticiasregionais.com.br\/index.php?rest_route=%2Fwp%2Fv2%2Ftags&post=5090"}],"curies":[{"name":"wp","href":"https:\/\/api.w.org\/{rel}","templated":true}]}}