{"id":5094,"date":"2025-04-25T07:22:06","date_gmt":"2025-04-25T10:22:06","guid":{"rendered":"https:\/\/noticiasregionais.com.br\/?p=5094"},"modified":"2025-04-25T08:03:18","modified_gmt":"2025-04-25T11:03:18","slug":"policia-rodoviaria-estadual-prende-homem-com-arsenal-e-iphones-contrabandeados-em-palmital","status":"publish","type":"post","link":"https:\/\/noticiasregionais.com.br\/?p=5094","title":{"rendered":"Pol\u00edcia Rodovi\u00e1ria Estadual prende homem com arsenal e iPhones contrabandeados em Palmital"},"content":{"rendered":"\n<p>UUma opera\u00e7\u00e3o da Pol\u00edcia Rodovi\u00e1ria do Estado de S\u00e3o Paulo (PRE) resultou na pris\u00e3o de um criminoso de 29 anos, residente em Cascavel, no Paran\u00e1, e na apreens\u00e3o de um vasto arsenal de armas de fogo, coletes bal\u00edsticos, bloqueadores de sinal e diversos aparelhos eletr\u00f4nicos contrabandeados na manh\u00e3 de quinta-feira (24\/04\/2025). A abordagem ocorreu por volta das 11h40, no km 413,400 da Rodovia Raposo Tavares (SP-270), no munic\u00edpio de Palmital, interior de S\u00e3o Paulo.<\/p>\n\n\n\n<p>Durante a Opera\u00e7\u00e3o Impacto, policiais militares rodovi\u00e1rios abordaram um ve\u00edculo Ford\/Ka para fiscaliza\u00e7\u00e3o de rotina. O condutor, identificado como um homem de 29 anos, informou aos policiais que estava viajando de Cascavel\/PR com destino a Avar\u00e9\/SP. No entanto, a vistoria no interior do carro revelou uma grande quantidade de materiais il\u00edcitos, incluindo:<\/p>\n\n\n\n<ul class=\"wp-block-list\">\n<li>01 pistola Glock G17, calibre 9mm<\/li>\n\n\n\n<li>02 rev\u00f3lveres Taurus Magnum, calibre 357<\/li>\n\n\n\n<li>01 rev\u00f3lver Taurus Special, calibre 38<\/li>\n\n\n\n<li>06 carregadores de fuzil calibre 5.56 (vazios)<\/li>\n\n\n\n<li>07 carregadores longos (30 muni\u00e7\u00f5es) de pistola calibre 9mm (vazios)<\/li>\n\n\n\n<li>02 carregadores (15 muni\u00e7\u00f5es) de pistola calibre 9mm (vazios)<\/li>\n\n\n\n<li>03 coletes bal\u00edsticos SAFEGUARD, n\u00edvel III A<\/li>\n\n\n\n<li>04 r\u00e1dios HT Kenwood KSC-32<\/li>\n\n\n\n<li>02 bloqueadores de sinal (JAMMER)<\/li>\n\n\n\n<li>06 fontes de energia<\/li>\n\n\n\n<li>04 antenas para aparelho JAMMER<\/li>\n\n\n\n<li>43 iPhones 16 Pro Max<\/li>\n<\/ul>\n\n\n\n<p>A apreens\u00e3o total dos produtos il\u00edcitos foi avaliada em aproximadamente R$ 700.000,00 (setecentos mil reais), demonstrando o alto valor da carga transportada ilegalmente.<\/p>\n\n\n\n<p>A ocorr\u00eancia e o indiv\u00edduo detido foram apresentados na Delegacia da Pol\u00edcia Federal de Mar\u00edlia\/SP. Na unidade policial, todo o material apreendido \u2013 armas, produtos de descaminho, um aparelho celular e o ve\u00edculo utilizado no transporte \u2013 foi devidamente catalogado e apreendido pela Pol\u00edcia Federal, que dar\u00e1 prosseguimento \u00e0s investiga\u00e7\u00f5es sobre a origem, destino e envolvidos no esquema criminoso.<\/p>\n\n\n\n<p>Ap\u00f3s prestar depoimento, o homem de 29 anos permaneceu preso e \u00e0 disposi\u00e7\u00e3o da Justi\u00e7a. A Pol\u00edcia Rodovi\u00e1ria do Estado de S\u00e3o Paulo refor\u00e7a seu trabalho constante na fiscaliza\u00e7\u00e3o das rodovias, contribuindo para a seguran\u00e7a p\u00fablica e o combate ao crime, com a colabora\u00e7\u00e3o de outras for\u00e7as de seguran\u00e7a quando a natureza da ocorr\u00eancia assim o exige.<\/p>\n\n\n\n<figure class=\"wp-block-image size-large\"><img decoding=\"async\" width=\"1024\" height=\"576\" src=\"https:\/\/noticiasregionais.com.br\/wp-content\/uploads\/2025\/04\/WhatsApp-Image-2025-04-24-at-15.07.41-1024x576.jpeg\" alt=\"\" class=\"wp-image-5096\" srcset=\"https:\/\/noticiasregionais.com.br\/wp-content\/uploads\/2025\/04\/WhatsApp-Image-2025-04-24-at-15.07.41-1024x576.jpeg 1024w, https:\/\/noticiasregionais.com.br\/wp-content\/uploads\/2025\/04\/WhatsApp-Image-2025-04-24-at-15.07.41-300x169.jpeg 300w, https:\/\/noticiasregionais.com.br\/wp-content\/uploads\/2025\/04\/WhatsApp-Image-2025-04-24-at-15.07.41-768x432.jpeg 768w, https:\/\/noticiasregionais.com.br\/wp-content\/uploads\/2025\/04\/WhatsApp-Image-2025-04-24-at-15.07.41-1536x864.jpeg 1536w, https:\/\/noticiasregionais.com.br\/wp-content\/uploads\/2025\/04\/WhatsApp-Image-2025-04-24-at-15.07.41.jpeg 1600w\" sizes=\"(max-width: 1024px) 100vw, 1024px\" \/><\/figure>\n<input type=\"hidden\" id=\"baseurl\" value=\"https:\/\/noticiasregionais.com.br\"><input type=\"hidden\" id=\"audio_nonce\" value=\"5c13e0637f\">","protected":false},"excerpt":{"rendered":"<p>UUma opera\u00e7\u00e3o da Pol\u00edcia Rodovi\u00e1ria do Estado de S\u00e3o Paulo (PRE) resultou na pris\u00e3o de um criminoso de 29 anos,&hellip;<\/p>\n","protected":false},"author":1,"featured_media":5095,"comment_status":"closed","ping_status":"open","sticky":false,"template":"","format":"standard","meta":{"sfsi_plus_gutenberg_text_before_share":"","sfsi_plus_gutenberg_show_text_before_share":"","sfsi_plus_gutenberg_icon_type":"","sfsi_plus_gutenberg_icon_alignemt":"","sfsi_plus_gutenburg_max_per_row":"","footnotes":""},"categories":[6,10,1],"tags":[27],"class_list":["post-5094","post","type-post","status-publish","format-standard","has-post-thumbnail","hentry","category-sao_paulo","category-destaques","category-noticias","tag-palmital"],"_links":{"self":[{"href":"https:\/\/noticiasregionais.com.br\/index.php?rest_route=\/wp\/v2\/posts\/5094","targetHints":{"allow":["GET"]}}],"collection":[{"href":"https:\/\/noticiasregionais.com.br\/index.php?rest_route=\/wp\/v2\/posts"}],"about":[{"href":"https:\/\/noticiasregionais.com.br\/index.php?rest_route=\/wp\/v2\/types\/post"}],"author":[{"embeddable":true,"href":"https:\/\/noticiasregionais.com.br\/index.php?rest_route=\/wp\/v2\/users\/1"}],"replies":[{"embeddable":true,"href":"https:\/\/noticiasregionais.com.br\/index.php?rest_route=%2Fwp%2Fv2%2Fcomments&post=5094"}],"version-history":[{"count":1,"href":"https:\/\/noticiasregionais.com.br\/index.php?rest_route=\/wp\/v2\/posts\/5094\/revisions"}],"predecessor-version":[{"id":5097,"href":"https:\/\/noticiasregionais.com.br\/index.php?rest_route=\/wp\/v2\/posts\/5094\/revisions\/5097"}],"wp:featuredmedia":[{"embeddable":true,"href":"https:\/\/noticiasregionais.com.br\/index.php?rest_route=\/wp\/v2\/media\/5095"}],"wp:attachment":[{"href":"https:\/\/noticiasregionais.com.br\/index.php?rest_route=%2Fwp%2Fv2%2Fmedia&parent=5094"}],"wp:term":[{"taxonomy":"category","embeddable":true,"href":"https:\/\/noticiasregionais.com.br\/index.php?rest_route=%2Fwp%2Fv2%2Fcategories&post=5094"},{"taxonomy":"post_tag","embeddable":true,"href":"https:\/\/noticiasregionais.com.br\/index.php?rest_route=%2Fwp%2Fv2%2Ftags&post=5094"}],"curies":[{"name":"wp","href":"https:\/\/api.w.org\/{rel}","templated":true}]}}