{"id":5098,"date":"2025-04-25T07:42:34","date_gmt":"2025-04-25T10:42:34","guid":{"rendered":"https:\/\/noticiasregionais.com.br\/?p=5098"},"modified":"2025-04-25T07:42:38","modified_gmt":"2025-04-25T10:42:38","slug":"tombamento-de-bi-trem-carregado-com-etanol-interditou-br-376-no-parana-durante-varias-horas","status":"publish","type":"post","link":"https:\/\/noticiasregionais.com.br\/?p=5098","title":{"rendered":"Tombamento de Bi-trem carregado com etanol interditou BR-376 no Paran\u00e1 durante v\u00e1rias horas"},"content":{"rendered":"\n<p class=\"has-text-align-center\"><strong>Acidente sem feridos causou bloqueio na Rodovia entre Ortigueira e Mau\u00e1 da Serra na tarde de ontem<\/strong><\/p>\n\n\n\n<p>Um acidente ocorrido na tarde de ontem, quinta-feira (24), na BR-376, na regi\u00e3o da Barra Grande, entre Ortigueira e Mau\u00e1 da Serra, causou a interdi\u00e7\u00e3o da rodovia por diversas horas.<\/p>\n\n\n\n<p>Segundo informa\u00e7\u00f5es atualizadas, o incidente envolveu um caminh\u00e3o bi-trem carregado com etanol. O tombamento ocorreu por volta das 17h30, resultando no bloqueio total da via. A Pol\u00edcia Rodovi\u00e1ria Federal (PRF) confirmou que, felizmente, n\u00e3o houve v\u00edtimas no acidente.<\/p>\n\n\n\n<p>O tombamento se restringiu ao segundo semi-reboque do conjunto veicular, que transportava a carga de etanol. Equipes da PRF e do Departamento de Estradas de Rodagem (DER) atuaram no local para sinalizar a \u00e1rea e coordenar os trabalhos de remo\u00e7\u00e3o do ve\u00edculo e da carga.<\/p>\n\n\n\n<p>A rodovia permaneceu totalmente bloqueada desde o momento do acidente at\u00e9 as 21h25, quando o tr\u00e1fego foi liberado ap\u00f3s a conclus\u00e3o dos trabalhos de destombamento e limpeza da pista. As causas do tombamento do segundo semi-reboque ainda est\u00e3o sendo investigadas.<\/p>\n\n\n\n<p>imagens: Reprodu\u00e7\u00e3o \/ fonte: Policia Rodovi\u00e1ria Federal PR<\/p>\n<input type=\"hidden\" id=\"baseurl\" value=\"https:\/\/noticiasregionais.com.br\"><input type=\"hidden\" id=\"audio_nonce\" value=\"533fbb67b1\">","protected":false},"excerpt":{"rendered":"<p>Acidente sem feridos causou bloqueio na Rodovia entre Ortigueira e Mau\u00e1 da Serra na tarde de ontem Um acidente ocorrido&hellip;<\/p>\n","protected":false},"author":1,"featured_media":5099,"comment_status":"closed","ping_status":"open","sticky":false,"template":"","format":"standard","meta":{"sfsi_plus_gutenberg_text_before_share":"","sfsi_plus_gutenberg_show_text_before_share":"","sfsi_plus_gutenberg_icon_type":"","sfsi_plus_gutenberg_icon_alignemt":"","sfsi_plus_gutenburg_max_per_row":"","footnotes":""},"categories":[7,10,1],"tags":[43],"class_list":["post-5098","post","type-post","status-publish","format-standard","has-post-thumbnail","hentry","category-parana","category-destaques","category-noticias","tag-ortigueira"],"_links":{"self":[{"href":"https:\/\/noticiasregionais.com.br\/index.php?rest_route=\/wp\/v2\/posts\/5098","targetHints":{"allow":["GET"]}}],"collection":[{"href":"https:\/\/noticiasregionais.com.br\/index.php?rest_route=\/wp\/v2\/posts"}],"about":[{"href":"https:\/\/noticiasregionais.com.br\/index.php?rest_route=\/wp\/v2\/types\/post"}],"author":[{"embeddable":true,"href":"https:\/\/noticiasregionais.com.br\/index.php?rest_route=\/wp\/v2\/users\/1"}],"replies":[{"embeddable":true,"href":"https:\/\/noticiasregionais.com.br\/index.php?rest_route=%2Fwp%2Fv2%2Fcomments&post=5098"}],"version-history":[{"count":1,"href":"https:\/\/noticiasregionais.com.br\/index.php?rest_route=\/wp\/v2\/posts\/5098\/revisions"}],"predecessor-version":[{"id":5100,"href":"https:\/\/noticiasregionais.com.br\/index.php?rest_route=\/wp\/v2\/posts\/5098\/revisions\/5100"}],"wp:featuredmedia":[{"embeddable":true,"href":"https:\/\/noticiasregionais.com.br\/index.php?rest_route=\/wp\/v2\/media\/5099"}],"wp:attachment":[{"href":"https:\/\/noticiasregionais.com.br\/index.php?rest_route=%2Fwp%2Fv2%2Fmedia&parent=5098"}],"wp:term":[{"taxonomy":"category","embeddable":true,"href":"https:\/\/noticiasregionais.com.br\/index.php?rest_route=%2Fwp%2Fv2%2Fcategories&post=5098"},{"taxonomy":"post_tag","embeddable":true,"href":"https:\/\/noticiasregionais.com.br\/index.php?rest_route=%2Fwp%2Fv2%2Ftags&post=5098"}],"curies":[{"name":"wp","href":"https:\/\/api.w.org\/{rel}","templated":true}]}}