{"id":5101,"date":"2025-04-25T08:02:41","date_gmt":"2025-04-25T11:02:41","guid":{"rendered":"https:\/\/noticiasregionais.com.br\/?p=5101"},"modified":"2025-04-25T08:02:44","modified_gmt":"2025-04-25T11:02:44","slug":"teatro-municipal-de-ourinhos-e-interditado-por-problemas-estruturais-no-telhado","status":"publish","type":"post","link":"https:\/\/noticiasregionais.com.br\/?p=5101","title":{"rendered":"Teatro Municipal de Ourinhos \u00e9 interditado por problemas estruturais no telhado"},"content":{"rendered":"\n<p>A Prefeitura de Ourinhos interditou temporariamente o Teatro Municipal Miguel Cury ap\u00f3s vistoria t\u00e9cnica realizada na manh\u00e3 desta quinta-feira (24). A a\u00e7\u00e3o, conduzida pela Secretaria Municipal de Desenvolvimento Urbano, Mobilidade e Licenciamento, identificou s\u00e9rios problemas na estrutura da cobertura do pr\u00e9dio.<\/p>\n\n\n\n<p>Segundo o laudo emitido pela engenheira respons\u00e1vel, o telhado apresenta falhas na impermeabiliza\u00e7\u00e3o, o que tem causado infiltra\u00e7\u00f5es de \u00e1gua e comprometido o forro de gesso. H\u00e1 risco iminente de desprendimento das placas, o que representa perigo para o p\u00fablico e trabalhadores do local.<\/p>\n\n\n\n<p>Diante do cen\u00e1rio, todas as atividades programadas no teatro ser\u00e3o canceladas, adiadas ou transferidas para outros espa\u00e7os, at\u00e9 que a reforma seja conclu\u00edda. A obra incluir\u00e1 a substitui\u00e7\u00e3o do telhado e a corre\u00e7\u00e3o dos problemas de infiltra\u00e7\u00e3o, com o objetivo de garantir a integridade da estrutura e a seguran\u00e7a dos usu\u00e1rios.<\/p>\n\n\n\n<p>O secret\u00e1rio municipal de Cultura, Jeferson Bento, ressaltou que a medida \u00e9 preventiva e necess\u00e1ria. \u201cEssa decis\u00e3o prioriza a seguran\u00e7a de todos. As colunas de gesso est\u00e3o comprometidas e oferecem risco. Infelizmente, a falta de manuten\u00e7\u00e3o ao longo dos anos agravou a situa\u00e7\u00e3o e agora precisamos de uma interven\u00e7\u00e3o mais abrangente. Com o teatro fechado, iniciaremos os tr\u00e2mites para uma reforma completa que permita o uso seguro e adequado do espa\u00e7o\u201d, afirmou.<\/p>\n<input type=\"hidden\" id=\"baseurl\" value=\"https:\/\/noticiasregionais.com.br\"><input type=\"hidden\" id=\"audio_nonce\" value=\"533fbb67b1\">","protected":false},"excerpt":{"rendered":"<p>A Prefeitura de Ourinhos interditou temporariamente o Teatro Municipal Miguel Cury ap\u00f3s vistoria t\u00e9cnica realizada na manh\u00e3 desta quinta-feira (24).&hellip;<\/p>\n","protected":false},"author":1,"featured_media":5102,"comment_status":"closed","ping_status":"open","sticky":false,"template":"","format":"standard","meta":{"sfsi_plus_gutenberg_text_before_share":"","sfsi_plus_gutenberg_show_text_before_share":"","sfsi_plus_gutenberg_icon_type":"","sfsi_plus_gutenberg_icon_alignemt":"","sfsi_plus_gutenburg_max_per_row":"","footnotes":""},"categories":[5,10,1],"tags":[16],"class_list":["post-5101","post","type-post","status-publish","format-standard","has-post-thumbnail","hentry","category-ourinhos","category-destaques","category-noticias","tag-ourinhos"],"_links":{"self":[{"href":"https:\/\/noticiasregionais.com.br\/index.php?rest_route=\/wp\/v2\/posts\/5101","targetHints":{"allow":["GET"]}}],"collection":[{"href":"https:\/\/noticiasregionais.com.br\/index.php?rest_route=\/wp\/v2\/posts"}],"about":[{"href":"https:\/\/noticiasregionais.com.br\/index.php?rest_route=\/wp\/v2\/types\/post"}],"author":[{"embeddable":true,"href":"https:\/\/noticiasregionais.com.br\/index.php?rest_route=\/wp\/v2\/users\/1"}],"replies":[{"embeddable":true,"href":"https:\/\/noticiasregionais.com.br\/index.php?rest_route=%2Fwp%2Fv2%2Fcomments&post=5101"}],"version-history":[{"count":1,"href":"https:\/\/noticiasregionais.com.br\/index.php?rest_route=\/wp\/v2\/posts\/5101\/revisions"}],"predecessor-version":[{"id":5103,"href":"https:\/\/noticiasregionais.com.br\/index.php?rest_route=\/wp\/v2\/posts\/5101\/revisions\/5103"}],"wp:featuredmedia":[{"embeddable":true,"href":"https:\/\/noticiasregionais.com.br\/index.php?rest_route=\/wp\/v2\/media\/5102"}],"wp:attachment":[{"href":"https:\/\/noticiasregionais.com.br\/index.php?rest_route=%2Fwp%2Fv2%2Fmedia&parent=5101"}],"wp:term":[{"taxonomy":"category","embeddable":true,"href":"https:\/\/noticiasregionais.com.br\/index.php?rest_route=%2Fwp%2Fv2%2Fcategories&post=5101"},{"taxonomy":"post_tag","embeddable":true,"href":"https:\/\/noticiasregionais.com.br\/index.php?rest_route=%2Fwp%2Fv2%2Ftags&post=5101"}],"curies":[{"name":"wp","href":"https:\/\/api.w.org\/{rel}","templated":true}]}}