{"id":5104,"date":"2025-04-25T08:13:36","date_gmt":"2025-04-25T11:13:36","guid":{"rendered":"https:\/\/noticiasregionais.com.br\/?p=5104"},"modified":"2025-04-25T08:13:39","modified_gmt":"2025-04-25T11:13:39","slug":"tradicional-bailao-do-trabalhador-chega-a-sua-4a-edicao-em-ourinhos-no-dia-30-de-abril","status":"publish","type":"post","link":"https:\/\/noticiasregionais.com.br\/?p=5104","title":{"rendered":"Tradicional Bail\u00e3o do Trabalhador chega \u00e0 sua 4\u00aa edi\u00e7\u00e3o em Ourinhos no dia 30 de abril"},"content":{"rendered":"\n<p>A v\u00e9spera do feriado do Dia do Trabalhador promete ser animada em Ourinhos com a realiza\u00e7\u00e3o do <strong>4\u00ba Bail\u00e3o do Trabalhador<\/strong>, promovido pela <strong>Equipe Baila Comigo<\/strong> em parceria com a <strong>SV Eventos<\/strong>. O evento, que j\u00e1 se tornou tradi\u00e7\u00e3o na regi\u00e3o, ser\u00e1 realizado no dia <strong>30 de abril, a partir das 21h<\/strong>, na sede da AECO.<\/p>\n\n\n\n<p>Com um repert\u00f3rio dan\u00e7ante que mistura <strong>sertanejo universit\u00e1rio, forr\u00f3 e pisadinha<\/strong>, a festa contar\u00e1 com shows ao vivo das bandas <strong>Ponto G<\/strong> e <strong>Grupo Chamego Bom<\/strong>, garantindo a anima\u00e7\u00e3o do p\u00fablico durante toda a noite.<\/p>\n\n\n\n<p>Al\u00e9m da m\u00fasica, o bail\u00e3o ter\u00e1 sorteios de <strong>pr\u00eamios em dinheiro<\/strong> e <strong>diversos brindes<\/strong> para os participantes, tornando a noite ainda mais especial.<\/p>\n\n\n\n<p>Os ingressos est\u00e3o sendo vendidos a pre\u00e7os promocionais:<br>\ud83c\udf9f\ufe0f <strong>R$ 35 at\u00e9 o dia 28 de abril<\/strong><br>\ud83c\udf9f\ufe0f <strong>R$ 40 a partir do dia 29 e na portaria do evento<\/strong><\/p>\n\n\n\n<p>A reserva de mesas tamb\u00e9m est\u00e1 dispon\u00edvel:<br>\ud83d\udcba <strong>Sal\u00e3o principal: R$ 20<\/strong><br>\ud83d\udcba <strong>Sal\u00e3o do bar: R$ 10<\/strong><br><em>As reservas s\u00e3o limitadas e est\u00e3o se esgotando rapidamente.<\/em><\/p>\n\n\n\n<p>\ud83d\udcde <strong>Informa\u00e7\u00f5es e reservas:<\/strong><br>\u2022 (14) 99799-6611 \u2013 Bell<br>\u2022 (14) 99636-5041 \u2013 Juliano<br>\u2022 (14) 99691-4718 \u2013 Silvana<\/p>\n\n\n\n<p>O Bail\u00e3o do Trabalhador \u00e9 mais que um evento musical: \u00e9 uma celebra\u00e7\u00e3o \u00e0 cultura popular e ao trabalhador, oferecendo uma noite de lazer, dan\u00e7a e confraterniza\u00e7\u00e3o.<\/p>\n\n\n\n<figure class=\"wp-block-image size-large\"><img decoding=\"async\" width=\"1024\" height=\"576\" src=\"https:\/\/noticiasregionais.com.br\/wp-content\/uploads\/2025\/04\/Imagem-do-WhatsApp-de-2025-04-17-as-12.24.40_b8ac0d04-1024x576.jpg\" alt=\"\" class=\"wp-image-5025\" srcset=\"https:\/\/noticiasregionais.com.br\/wp-content\/uploads\/2025\/04\/Imagem-do-WhatsApp-de-2025-04-17-as-12.24.40_b8ac0d04-1024x576.jpg 1024w, https:\/\/noticiasregionais.com.br\/wp-content\/uploads\/2025\/04\/Imagem-do-WhatsApp-de-2025-04-17-as-12.24.40_b8ac0d04-300x169.jpg 300w, https:\/\/noticiasregionais.com.br\/wp-content\/uploads\/2025\/04\/Imagem-do-WhatsApp-de-2025-04-17-as-12.24.40_b8ac0d04-768x432.jpg 768w, https:\/\/noticiasregionais.com.br\/wp-content\/uploads\/2025\/04\/Imagem-do-WhatsApp-de-2025-04-17-as-12.24.40_b8ac0d04-1536x864.jpg 1536w, https:\/\/noticiasregionais.com.br\/wp-content\/uploads\/2025\/04\/Imagem-do-WhatsApp-de-2025-04-17-as-12.24.40_b8ac0d04-rotated.jpg 1599w\" sizes=\"(max-width: 1024px) 100vw, 1024px\" \/><\/figure>\n<input type=\"hidden\" id=\"baseurl\" value=\"https:\/\/noticiasregionais.com.br\"><input type=\"hidden\" id=\"audio_nonce\" value=\"533fbb67b1\">","protected":false},"excerpt":{"rendered":"<p>A v\u00e9spera do feriado do Dia do Trabalhador promete ser animada em Ourinhos com a realiza\u00e7\u00e3o do 4\u00ba Bail\u00e3o do&hellip;<\/p>\n","protected":false},"author":1,"featured_media":5028,"comment_status":"closed","ping_status":"open","sticky":false,"template":"","format":"standard","meta":{"sfsi_plus_gutenberg_text_before_share":"","sfsi_plus_gutenberg_show_text_before_share":"","sfsi_plus_gutenberg_icon_type":"","sfsi_plus_gutenberg_icon_alignemt":"","sfsi_plus_gutenburg_max_per_row":"","footnotes":""},"categories":[5,12,1],"tags":[16],"class_list":["post-5104","post","type-post","status-publish","format-standard","has-post-thumbnail","hentry","category-ourinhos","category-capa","category-noticias","tag-ourinhos"],"_links":{"self":[{"href":"https:\/\/noticiasregionais.com.br\/index.php?rest_route=\/wp\/v2\/posts\/5104","targetHints":{"allow":["GET"]}}],"collection":[{"href":"https:\/\/noticiasregionais.com.br\/index.php?rest_route=\/wp\/v2\/posts"}],"about":[{"href":"https:\/\/noticiasregionais.com.br\/index.php?rest_route=\/wp\/v2\/types\/post"}],"author":[{"embeddable":true,"href":"https:\/\/noticiasregionais.com.br\/index.php?rest_route=\/wp\/v2\/users\/1"}],"replies":[{"embeddable":true,"href":"https:\/\/noticiasregionais.com.br\/index.php?rest_route=%2Fwp%2Fv2%2Fcomments&post=5104"}],"version-history":[{"count":1,"href":"https:\/\/noticiasregionais.com.br\/index.php?rest_route=\/wp\/v2\/posts\/5104\/revisions"}],"predecessor-version":[{"id":5105,"href":"https:\/\/noticiasregionais.com.br\/index.php?rest_route=\/wp\/v2\/posts\/5104\/revisions\/5105"}],"wp:featuredmedia":[{"embeddable":true,"href":"https:\/\/noticiasregionais.com.br\/index.php?rest_route=\/wp\/v2\/media\/5028"}],"wp:attachment":[{"href":"https:\/\/noticiasregionais.com.br\/index.php?rest_route=%2Fwp%2Fv2%2Fmedia&parent=5104"}],"wp:term":[{"taxonomy":"category","embeddable":true,"href":"https:\/\/noticiasregionais.com.br\/index.php?rest_route=%2Fwp%2Fv2%2Fcategories&post=5104"},{"taxonomy":"post_tag","embeddable":true,"href":"https:\/\/noticiasregionais.com.br\/index.php?rest_route=%2Fwp%2Fv2%2Ftags&post=5104"}],"curies":[{"name":"wp","href":"https:\/\/api.w.org\/{rel}","templated":true}]}}