{"id":5109,"date":"2025-04-28T20:24:40","date_gmt":"2025-04-28T23:24:40","guid":{"rendered":"https:\/\/noticiasregionais.com.br\/?p=5109"},"modified":"2025-04-28T20:24:44","modified_gmt":"2025-04-28T23:24:44","slug":"operacao-conjunta-do-13o-baep-e-dise-apreende-adolescente-por-trafico-de-drogas-em-marilia","status":"publish","type":"post","link":"https:\/\/noticiasregionais.com.br\/?p=5109","title":{"rendered":"Opera\u00e7\u00e3o conjunta do 13\u00ba BAEP e DISE apreende adolescente por tr\u00e1fico de drogas em Mar\u00edlia"},"content":{"rendered":"\n<p>Uma opera\u00e7\u00e3o conjunta entre o 13\u00ba Batalh\u00e3o de A\u00e7\u00f5es Especiais de Pol\u00edcia (BAEP) e a Delegacia de Investiga\u00e7\u00f5es Sobre Entorpecentes (DISE) resultou na apreens\u00e3o de um adolescente de 16 anos por tr\u00e1fico de drogas, na manh\u00e3 desta quarta-feira (23), no bairro Vila Barros, em Mar\u00edlia\/SP.<\/p>\n\n\n\n<p>Ap\u00f3s monitoramento de um ponto de venda de entorpecentes, policiais civis acionaram a equipe K9 do 13\u00ba BAEP para dar suporte \u00e0 a\u00e7\u00e3o. Durante a abordagem, o cerco foi montado e o adolescente foi detido em flagrante. Com o apoio dos c\u00e3es farejadores Bruce e Max, foi poss\u00edvel localizar drogas escondidas em diferentes pontos da \u00e1rea monitorada.<\/p>\n\n\n\n<p>Foram apreendidos no local:<\/p>\n\n\n\n<ul class=\"wp-block-list\">\n<li>0,377 kg de maconha<\/li>\n\n\n\n<li>0,012 kg de haxixe<\/li>\n\n\n\n<li>0,957 kg de coca\u00edna<\/li>\n\n\n\n<li>R$ 2.301,00 em dinheiro<\/li>\n<\/ul>\n\n\n\n<p>O adolescente foi encaminhado ao Plant\u00e3o Policial, junto com o material il\u00edcito. A autoridade policial ratificou o flagrante e o jovem permanece \u00e0 disposi\u00e7\u00e3o da Justi\u00e7a.<\/p>\n\n\n\n<p>A opera\u00e7\u00e3o refor\u00e7a o trabalho integrado entre as for\u00e7as de seguran\u00e7a para combater o tr\u00e1fico de drogas e garantir mais seguran\u00e7a \u00e0 popula\u00e7\u00e3o de Mar\u00edlia.<\/p>\n<input type=\"hidden\" id=\"baseurl\" value=\"https:\/\/noticiasregionais.com.br\"><input type=\"hidden\" id=\"audio_nonce\" value=\"533fbb67b1\">","protected":false},"excerpt":{"rendered":"<p>Uma opera\u00e7\u00e3o conjunta entre o 13\u00ba Batalh\u00e3o de A\u00e7\u00f5es Especiais de Pol\u00edcia (BAEP) e a Delegacia de Investiga\u00e7\u00f5es Sobre Entorpecentes&hellip;<\/p>\n","protected":false},"author":1,"featured_media":5110,"comment_status":"closed","ping_status":"open","sticky":false,"template":"","format":"standard","meta":{"sfsi_plus_gutenberg_text_before_share":"","sfsi_plus_gutenberg_show_text_before_share":"","sfsi_plus_gutenberg_icon_type":"","sfsi_plus_gutenberg_icon_alignemt":"","sfsi_plus_gutenburg_max_per_row":"","footnotes":""},"categories":[6,10,1],"tags":[25],"class_list":["post-5109","post","type-post","status-publish","format-standard","has-post-thumbnail","hentry","category-sao_paulo","category-destaques","category-noticias","tag-marilia"],"_links":{"self":[{"href":"https:\/\/noticiasregionais.com.br\/index.php?rest_route=\/wp\/v2\/posts\/5109","targetHints":{"allow":["GET"]}}],"collection":[{"href":"https:\/\/noticiasregionais.com.br\/index.php?rest_route=\/wp\/v2\/posts"}],"about":[{"href":"https:\/\/noticiasregionais.com.br\/index.php?rest_route=\/wp\/v2\/types\/post"}],"author":[{"embeddable":true,"href":"https:\/\/noticiasregionais.com.br\/index.php?rest_route=\/wp\/v2\/users\/1"}],"replies":[{"embeddable":true,"href":"https:\/\/noticiasregionais.com.br\/index.php?rest_route=%2Fwp%2Fv2%2Fcomments&post=5109"}],"version-history":[{"count":1,"href":"https:\/\/noticiasregionais.com.br\/index.php?rest_route=\/wp\/v2\/posts\/5109\/revisions"}],"predecessor-version":[{"id":5111,"href":"https:\/\/noticiasregionais.com.br\/index.php?rest_route=\/wp\/v2\/posts\/5109\/revisions\/5111"}],"wp:featuredmedia":[{"embeddable":true,"href":"https:\/\/noticiasregionais.com.br\/index.php?rest_route=\/wp\/v2\/media\/5110"}],"wp:attachment":[{"href":"https:\/\/noticiasregionais.com.br\/index.php?rest_route=%2Fwp%2Fv2%2Fmedia&parent=5109"}],"wp:term":[{"taxonomy":"category","embeddable":true,"href":"https:\/\/noticiasregionais.com.br\/index.php?rest_route=%2Fwp%2Fv2%2Fcategories&post=5109"},{"taxonomy":"post_tag","embeddable":true,"href":"https:\/\/noticiasregionais.com.br\/index.php?rest_route=%2Fwp%2Fv2%2Ftags&post=5109"}],"curies":[{"name":"wp","href":"https:\/\/api.w.org\/{rel}","templated":true}]}}