{"id":511,"date":"2023-09-21T21:23:50","date_gmt":"2023-09-22T00:23:50","guid":{"rendered":"https:\/\/noticiasregionais.com.br\/?p=511"},"modified":"2023-09-21T21:25:06","modified_gmt":"2023-09-22T00:25:06","slug":"prf-em-sao-paulo-promove-capacitacao-do-efetivo-para-atendimento-a-pessoas-com-deficiencia","status":"publish","type":"post","link":"https:\/\/noticiasregionais.com.br\/?p=511","title":{"rendered":"PRF em S\u00e3o Paulo promove capacita\u00e7\u00e3o do efetivo para atendimento a pessoas com defici\u00eancia."},"content":{"rendered":"\n<p class=\"has-text-align-center\"><strong>A capacita\u00e7\u00e3o de servidores e demais colaboradores tem como objetivo ampliar o conhecimento e a humaniza\u00e7\u00e3o do atendimento \u00e0s pessoas com defici\u00eancia<\/strong><\/p>\n\n\n\n<p>Nesta quinta-feira (21) \u00e9 celebrado o Dia Nacional de Luta da Pessoa com Defici\u00eancia e por se tratar de um tema complexo e de alt\u00edssima relev\u00e2ncia a Superintend\u00eancia da Pol\u00edcia Rodovi\u00e1ria Federal de S\u00e3o Paulo, realizou a primeira etapa de capacita\u00e7\u00e3o dos servidores e demais colaboradores.<\/p>\n\n\n\n<p>O objetivo da PRF-SP \u00e9 realizar a capacita\u00e7\u00e3o, buscando ampliar o conhecimento e a humaniza\u00e7\u00e3o das quest\u00f5es que envolvam as pessoas com defici\u00eancia e com isso entregar os melhores resultados durante a atua\u00e7\u00e3o de seu efetivo, tanto em suas unidades administrativas , como tamb\u00e9m durante as abordagens no servi\u00e7o operacional, buscando assim uma sociedade mais justa e igualit\u00e1ria.<\/p>\n\n\n\n<p>De acordo com o Censo 2010 do Instituto Brasileiro de Geografia e Estat\u00edstica (IBGE), mais de 45 milh\u00f5es de brasileiros possuem algum tipo de defici\u00eancia. Nas escolas, segundo dados do Minist\u00e9rio da Educa\u00e7\u00e3o e Cultura (MEC), o acesso de pessoas com defici\u00eancia aumentou 381% entre 2003 e 2014. Nesse intervalo, o n\u00famero de matr\u00edculas de pessoas com defici\u00eancia (PCD) saltou de 145.141 para 698.768.<\/p>\n\n\n\n<p>Esta capacita\u00e7\u00e3o \u00e9 uma parceria entre a PRF e o Selo PARATODOS do instituto entre rodas. O preparador f\u00edsico e professor Tiago Gorgatti juntamente com o Doutor e Mestre em Reabilita\u00e7\u00e3o Alexandre Vieira ministraram a capacita\u00e7\u00e3o para mais de cem servidores da Pol\u00edcia Rodovi\u00e1ria Federal.<\/p>\n<input type=\"hidden\" id=\"baseurl\" value=\"https:\/\/noticiasregionais.com.br\"><input type=\"hidden\" id=\"audio_nonce\" value=\"533fbb67b1\">","protected":false},"excerpt":{"rendered":"<p>A capacita\u00e7\u00e3o de servidores e demais colaboradores tem como objetivo ampliar o conhecimento e a humaniza\u00e7\u00e3o do atendimento \u00e0s pessoas&hellip;<\/p>\n","protected":false},"author":1,"featured_media":514,"comment_status":"closed","ping_status":"open","sticky":false,"template":"","format":"standard","meta":{"sfsi_plus_gutenberg_text_before_share":"","sfsi_plus_gutenberg_show_text_before_share":"","sfsi_plus_gutenberg_icon_type":"","sfsi_plus_gutenberg_icon_alignemt":"","sfsi_plus_gutenburg_max_per_row":"","footnotes":""},"categories":[6,10,1],"tags":[],"class_list":["post-511","post","type-post","status-publish","format-standard","has-post-thumbnail","hentry","category-sao_paulo","category-destaques","category-noticias"],"_links":{"self":[{"href":"https:\/\/noticiasregionais.com.br\/index.php?rest_route=\/wp\/v2\/posts\/511","targetHints":{"allow":["GET"]}}],"collection":[{"href":"https:\/\/noticiasregionais.com.br\/index.php?rest_route=\/wp\/v2\/posts"}],"about":[{"href":"https:\/\/noticiasregionais.com.br\/index.php?rest_route=\/wp\/v2\/types\/post"}],"author":[{"embeddable":true,"href":"https:\/\/noticiasregionais.com.br\/index.php?rest_route=\/wp\/v2\/users\/1"}],"replies":[{"embeddable":true,"href":"https:\/\/noticiasregionais.com.br\/index.php?rest_route=%2Fwp%2Fv2%2Fcomments&post=511"}],"version-history":[{"count":1,"href":"https:\/\/noticiasregionais.com.br\/index.php?rest_route=\/wp\/v2\/posts\/511\/revisions"}],"predecessor-version":[{"id":513,"href":"https:\/\/noticiasregionais.com.br\/index.php?rest_route=\/wp\/v2\/posts\/511\/revisions\/513"}],"wp:featuredmedia":[{"embeddable":true,"href":"https:\/\/noticiasregionais.com.br\/index.php?rest_route=\/wp\/v2\/media\/514"}],"wp:attachment":[{"href":"https:\/\/noticiasregionais.com.br\/index.php?rest_route=%2Fwp%2Fv2%2Fmedia&parent=511"}],"wp:term":[{"taxonomy":"category","embeddable":true,"href":"https:\/\/noticiasregionais.com.br\/index.php?rest_route=%2Fwp%2Fv2%2Fcategories&post=511"},{"taxonomy":"post_tag","embeddable":true,"href":"https:\/\/noticiasregionais.com.br\/index.php?rest_route=%2Fwp%2Fv2%2Ftags&post=511"}],"curies":[{"name":"wp","href":"https:\/\/api.w.org\/{rel}","templated":true}]}}