{"id":5112,"date":"2025-04-28T20:30:37","date_gmt":"2025-04-28T23:30:37","guid":{"rendered":"https:\/\/noticiasregionais.com.br\/?p=5112"},"modified":"2025-04-28T20:30:41","modified_gmt":"2025-04-28T23:30:41","slug":"caminhao-com-carga-de-cimento-pega-fogo-na-br-376-no-norte-do-parana","status":"publish","type":"post","link":"https:\/\/noticiasregionais.com.br\/?p=5112","title":{"rendered":"Caminh\u00e3o com carga de cimento pega fogo na BR-376 no Norte do Paran\u00e1"},"content":{"rendered":"\n<p>Na tarde desta segunda-feira (28), um caminh\u00e3o carregado com cimento pegou fogo no km 261 da BR-376, entre as cidades de Calif\u00f3rnia e Maril\u00e2ndia do Sul, no Paran\u00e1. Segundo informa\u00e7\u00f5es da Pol\u00edcia Rodovi\u00e1ria Federal (PRF), o inc\u00eandio teve in\u00edcio no cavalo trator e rapidamente se espalhou para as demais composi\u00e7\u00f5es do ve\u00edculo.<\/p>\n\n\n\n<p>As causas do inc\u00eandio ainda ser\u00e3o apuradas por meio de per\u00edcia t\u00e9cnica. N\u00e3o houve registro de feridos.<\/p>\n\n\n\n<p>Devido ao sinistro, o tr\u00e2nsito no sentido Maril\u00e2ndia do Sul\/Calif\u00f3rnia precisou ser totalmente interditado por cerca de 30 minutos para que o Corpo de Bombeiros e a PRF controlassem a situa\u00e7\u00e3o e garantissem a seguran\u00e7a dos motoristas que passavam pelo trecho.<\/p>\n\n\n\n<p>No momento, a pista j\u00e1 est\u00e1 totalmente liberada em todas as faixas de rolamento, e o tr\u00e1fego flui normalmente.<\/p>\n\n\n\n<p>A PRF refor\u00e7a o alerta para que motoristas redobrem a aten\u00e7\u00e3o ao trafegar pelo trecho e respeitem as orienta\u00e7\u00f5es de seguran\u00e7a.<\/p>\n<input type=\"hidden\" id=\"baseurl\" value=\"https:\/\/noticiasregionais.com.br\"><input type=\"hidden\" id=\"audio_nonce\" value=\"533fbb67b1\">","protected":false},"excerpt":{"rendered":"<p>Na tarde desta segunda-feira (28), um caminh\u00e3o carregado com cimento pegou fogo no km 261 da BR-376, entre as cidades&hellip;<\/p>\n","protected":false},"author":1,"featured_media":5113,"comment_status":"closed","ping_status":"open","sticky":false,"template":"","format":"standard","meta":{"sfsi_plus_gutenberg_text_before_share":"","sfsi_plus_gutenberg_show_text_before_share":"","sfsi_plus_gutenberg_icon_type":"","sfsi_plus_gutenberg_icon_alignemt":"","sfsi_plus_gutenburg_max_per_row":"","footnotes":""},"categories":[7,10,1],"tags":[],"class_list":["post-5112","post","type-post","status-publish","format-standard","has-post-thumbnail","hentry","category-parana","category-destaques","category-noticias"],"_links":{"self":[{"href":"https:\/\/noticiasregionais.com.br\/index.php?rest_route=\/wp\/v2\/posts\/5112","targetHints":{"allow":["GET"]}}],"collection":[{"href":"https:\/\/noticiasregionais.com.br\/index.php?rest_route=\/wp\/v2\/posts"}],"about":[{"href":"https:\/\/noticiasregionais.com.br\/index.php?rest_route=\/wp\/v2\/types\/post"}],"author":[{"embeddable":true,"href":"https:\/\/noticiasregionais.com.br\/index.php?rest_route=\/wp\/v2\/users\/1"}],"replies":[{"embeddable":true,"href":"https:\/\/noticiasregionais.com.br\/index.php?rest_route=%2Fwp%2Fv2%2Fcomments&post=5112"}],"version-history":[{"count":1,"href":"https:\/\/noticiasregionais.com.br\/index.php?rest_route=\/wp\/v2\/posts\/5112\/revisions"}],"predecessor-version":[{"id":5114,"href":"https:\/\/noticiasregionais.com.br\/index.php?rest_route=\/wp\/v2\/posts\/5112\/revisions\/5114"}],"wp:featuredmedia":[{"embeddable":true,"href":"https:\/\/noticiasregionais.com.br\/index.php?rest_route=\/wp\/v2\/media\/5113"}],"wp:attachment":[{"href":"https:\/\/noticiasregionais.com.br\/index.php?rest_route=%2Fwp%2Fv2%2Fmedia&parent=5112"}],"wp:term":[{"taxonomy":"category","embeddable":true,"href":"https:\/\/noticiasregionais.com.br\/index.php?rest_route=%2Fwp%2Fv2%2Fcategories&post=5112"},{"taxonomy":"post_tag","embeddable":true,"href":"https:\/\/noticiasregionais.com.br\/index.php?rest_route=%2Fwp%2Fv2%2Ftags&post=5112"}],"curies":[{"name":"wp","href":"https:\/\/api.w.org\/{rel}","templated":true}]}}