{"id":5120,"date":"2025-04-29T21:30:46","date_gmt":"2025-04-30T00:30:46","guid":{"rendered":"https:\/\/noticiasregionais.com.br\/?p=5120"},"modified":"2025-04-29T21:56:59","modified_gmt":"2025-04-30T00:56:59","slug":"ourinhos-leva-sua-energia-para-os-jogos-regionais-da-melhor-idade-em-tupa","status":"publish","type":"post","link":"https:\/\/noticiasregionais.com.br\/?p=5120","title":{"rendered":"Ourinhos leva sua energia para os Jogos Regionais da Melhor Idade em Tup\u00e3"},"content":{"rendered":"\n<p class=\"has-text-align-center\"><strong>Delega\u00e7\u00e3o de atletas da terceira idade representa o munic\u00edpio em busca de conquistas na 27\u00aa edi\u00e7\u00e3o dos JOMI.<\/strong><\/p>\n\n\n\n<p>Com destino a Tup\u00e3, interior paulista, a equipe esportiva da Secretaria de Esportes de Ourinhos iniciou sua jornada na tarde desta ter\u00e7a-feira (29). O ponto de encontro dos atletas foi em frente ao Gin\u00e1sio Monstrinho, de onde partiram rumo \u00e0 27\u00aa edi\u00e7\u00e3o dos Jogos Regionais da Melhor Idade (JOMI).<\/p>\n\n\n\n<p>A cidade de Ourinhos marcar\u00e1 presen\u00e7a em diversas modalidades, incluindo Atletismo, Dan\u00e7a de Sal\u00e3o (na categoria B mista), Malha, Nata\u00e7\u00e3o feminina (nas categorias A, B e C), Nata\u00e7\u00e3o masculina (nas categorias A, B, C e F), T\u00eanis de Mesa (nas categorias Feminino A, Feminino B e Masculino B) e Voleibol (nas categorias Masculino A e B, e Feminino A e B).<\/p>\n\n\n\n<p>A solenidade de abertura do evento esportivo est\u00e1 agendada para as 16h desta ter\u00e7a-feira, no Gin\u00e1sio Municipal de Tup\u00e3 \u201cElias Kenaifes\u201d. As competi\u00e7\u00f5es ter\u00e3o in\u00edcio amanh\u00e3, 30 de abril, com encerramento previsto para o dia 4 de maio. A Prefeitura de Ourinhos deseja sucesso a todos os seus representantes!<\/p>\n\n\n\n<p><\/p>\n\n\n\n<p><\/p>\n\n\n\n<p><\/p>\n\n\n\n<p><\/p>\n\n\n\n<p><\/p>\n\n\n\n<p><\/p>\n<input type=\"hidden\" id=\"baseurl\" value=\"https:\/\/noticiasregionais.com.br\"><input type=\"hidden\" id=\"audio_nonce\" value=\"533fbb67b1\">","protected":false},"excerpt":{"rendered":"<p>Delega\u00e7\u00e3o de atletas da terceira idade representa o munic\u00edpio em busca de conquistas na 27\u00aa edi\u00e7\u00e3o dos JOMI. Com destino&hellip;<\/p>\n","protected":false},"author":1,"featured_media":5121,"comment_status":"closed","ping_status":"open","sticky":false,"template":"","format":"standard","meta":{"sfsi_plus_gutenberg_text_before_share":"","sfsi_plus_gutenberg_show_text_before_share":"","sfsi_plus_gutenberg_icon_type":"","sfsi_plus_gutenberg_icon_alignemt":"","sfsi_plus_gutenburg_max_per_row":"","footnotes":""},"categories":[5,10,1],"tags":[16,44],"class_list":["post-5120","post","type-post","status-publish","format-standard","has-post-thumbnail","hentry","category-ourinhos","category-destaques","category-noticias","tag-ourinhos","tag-tupa"],"_links":{"self":[{"href":"https:\/\/noticiasregionais.com.br\/index.php?rest_route=\/wp\/v2\/posts\/5120","targetHints":{"allow":["GET"]}}],"collection":[{"href":"https:\/\/noticiasregionais.com.br\/index.php?rest_route=\/wp\/v2\/posts"}],"about":[{"href":"https:\/\/noticiasregionais.com.br\/index.php?rest_route=\/wp\/v2\/types\/post"}],"author":[{"embeddable":true,"href":"https:\/\/noticiasregionais.com.br\/index.php?rest_route=\/wp\/v2\/users\/1"}],"replies":[{"embeddable":true,"href":"https:\/\/noticiasregionais.com.br\/index.php?rest_route=%2Fwp%2Fv2%2Fcomments&post=5120"}],"version-history":[{"count":1,"href":"https:\/\/noticiasregionais.com.br\/index.php?rest_route=\/wp\/v2\/posts\/5120\/revisions"}],"predecessor-version":[{"id":5122,"href":"https:\/\/noticiasregionais.com.br\/index.php?rest_route=\/wp\/v2\/posts\/5120\/revisions\/5122"}],"wp:featuredmedia":[{"embeddable":true,"href":"https:\/\/noticiasregionais.com.br\/index.php?rest_route=\/wp\/v2\/media\/5121"}],"wp:attachment":[{"href":"https:\/\/noticiasregionais.com.br\/index.php?rest_route=%2Fwp%2Fv2%2Fmedia&parent=5120"}],"wp:term":[{"taxonomy":"category","embeddable":true,"href":"https:\/\/noticiasregionais.com.br\/index.php?rest_route=%2Fwp%2Fv2%2Fcategories&post=5120"},{"taxonomy":"post_tag","embeddable":true,"href":"https:\/\/noticiasregionais.com.br\/index.php?rest_route=%2Fwp%2Fv2%2Ftags&post=5120"}],"curies":[{"name":"wp","href":"https:\/\/api.w.org\/{rel}","templated":true}]}}