{"id":5123,"date":"2025-04-29T21:44:52","date_gmt":"2025-04-30T00:44:52","guid":{"rendered":"https:\/\/noticiasregionais.com.br\/?p=5123"},"modified":"2025-04-29T21:44:55","modified_gmt":"2025-04-30T00:44:55","slug":"ourinhos-se-prepara-para-o-4o-bailao-do-trabalhador-amanha-dia-30-na-aeco","status":"publish","type":"post","link":"https:\/\/noticiasregionais.com.br\/?p=5123","title":{"rendered":"Ourinhos se prepara para o 4\u00ba Bail\u00e3o do Trabalhador, amanh\u00e3, dia 30 na AECO"},"content":{"rendered":"\n<p>A v\u00e9spera do feriado do Dia do Trabalhador ser\u00e1 de muita m\u00fasica e anima\u00e7\u00e3o em Ourinhos com o <strong>4\u00ba Bail\u00e3o do Trabalhador<\/strong>, promovido pela Equipe Baila Comigo em parceria com a SV Eventos. O evento acontece <strong>nesta ter\u00e7a-feira, 30 de abril, a partir das 21h, na sede da AECO<\/strong>.<\/p>\n\n\n\n<p>Consolidado como uma das celebra\u00e7\u00f5es mais aguardadas da regi\u00e3o, o Bail\u00e3o trar\u00e1 ao palco as bandas <strong>Ponto G<\/strong> e <strong>Grupo Chamego Bom<\/strong>, que prometem colocar todos para dan\u00e7ar com um repert\u00f3rio animado de <strong>sertanejo universit\u00e1rio, forr\u00f3 e pisadinha<\/strong>.<\/p>\n\n\n\n<p>Al\u00e9m da m\u00fasica ao vivo, o evento ter\u00e1 <strong>sorteios de pr\u00eamios em dinheiro e brindes diversos<\/strong>, tornando a noite ainda mais divertida para o p\u00fablico.<\/p>\n\n\n\n<h4 class=\"wp-block-heading\">Ingressos e reservas<\/h4>\n\n\n\n<p>Os ingressos est\u00e3o \u00e0 venda por:<\/p>\n\n\n\n<ul class=\"wp-block-list\">\n<li>\ud83c\udf9f\ufe0f <strong>R$ 40 (valor atual e na portaria do evento)<\/strong><\/li>\n<\/ul>\n\n\n\n<p>Tamb\u00e9m \u00e9 poss\u00edvel garantir mesas antecipadamente:<\/p>\n\n\n\n<ul class=\"wp-block-list\">\n<li>\ud83d\udcba <strong>Sal\u00e3o principal<\/strong>: R$ 20<\/li>\n\n\n\n<li>\ud83d\udcba <strong>Sal\u00e3o do bar<\/strong>: R$ 10<\/li>\n<\/ul>\n\n\n\n<p>As reservas s\u00e3o limitadas e est\u00e3o quase esgotadas.<\/p>\n\n\n\n<h4 class=\"wp-block-heading\">Informa\u00e7\u00f5es e reservas:<\/h4>\n\n\n\n<ul class=\"wp-block-list\">\n<li>\ud83d\udcde (14) 99799-6611 \u2013 Bell<\/li>\n\n\n\n<li>\ud83d\udcde (14) 99636-5041 \u2013 Juliano<\/li>\n\n\n\n<li>\ud83d\udcde (14) 99691-4718 \u2013 Silvana<\/li>\n<\/ul>\n\n\n\n<p>O Bail\u00e3o do Trabalhador \u00e9 mais que um show: \u00e9 uma homenagem ao povo trabalhador, com uma noite de lazer, cultura popular e confraterniza\u00e7\u00e3o.<\/p>\n<input type=\"hidden\" id=\"baseurl\" value=\"https:\/\/noticiasregionais.com.br\"><input type=\"hidden\" id=\"audio_nonce\" value=\"533fbb67b1\">","protected":false},"excerpt":{"rendered":"<p>A v\u00e9spera do feriado do Dia do Trabalhador ser\u00e1 de muita m\u00fasica e anima\u00e7\u00e3o em Ourinhos com o 4\u00ba Bail\u00e3o&hellip;<\/p>\n","protected":false},"author":1,"featured_media":5026,"comment_status":"closed","ping_status":"open","sticky":false,"template":"","format":"standard","meta":{"sfsi_plus_gutenberg_text_before_share":"","sfsi_plus_gutenberg_show_text_before_share":"","sfsi_plus_gutenberg_icon_type":"","sfsi_plus_gutenberg_icon_alignemt":"","sfsi_plus_gutenburg_max_per_row":"","footnotes":""},"categories":[5,12,1],"tags":[16],"class_list":["post-5123","post","type-post","status-publish","format-standard","has-post-thumbnail","hentry","category-ourinhos","category-capa","category-noticias","tag-ourinhos"],"_links":{"self":[{"href":"https:\/\/noticiasregionais.com.br\/index.php?rest_route=\/wp\/v2\/posts\/5123","targetHints":{"allow":["GET"]}}],"collection":[{"href":"https:\/\/noticiasregionais.com.br\/index.php?rest_route=\/wp\/v2\/posts"}],"about":[{"href":"https:\/\/noticiasregionais.com.br\/index.php?rest_route=\/wp\/v2\/types\/post"}],"author":[{"embeddable":true,"href":"https:\/\/noticiasregionais.com.br\/index.php?rest_route=\/wp\/v2\/users\/1"}],"replies":[{"embeddable":true,"href":"https:\/\/noticiasregionais.com.br\/index.php?rest_route=%2Fwp%2Fv2%2Fcomments&post=5123"}],"version-history":[{"count":1,"href":"https:\/\/noticiasregionais.com.br\/index.php?rest_route=\/wp\/v2\/posts\/5123\/revisions"}],"predecessor-version":[{"id":5124,"href":"https:\/\/noticiasregionais.com.br\/index.php?rest_route=\/wp\/v2\/posts\/5123\/revisions\/5124"}],"wp:featuredmedia":[{"embeddable":true,"href":"https:\/\/noticiasregionais.com.br\/index.php?rest_route=\/wp\/v2\/media\/5026"}],"wp:attachment":[{"href":"https:\/\/noticiasregionais.com.br\/index.php?rest_route=%2Fwp%2Fv2%2Fmedia&parent=5123"}],"wp:term":[{"taxonomy":"category","embeddable":true,"href":"https:\/\/noticiasregionais.com.br\/index.php?rest_route=%2Fwp%2Fv2%2Fcategories&post=5123"},{"taxonomy":"post_tag","embeddable":true,"href":"https:\/\/noticiasregionais.com.br\/index.php?rest_route=%2Fwp%2Fv2%2Ftags&post=5123"}],"curies":[{"name":"wp","href":"https:\/\/api.w.org\/{rel}","templated":true}]}}