{"id":5125,"date":"2025-04-29T22:07:02","date_gmt":"2025-04-30T01:07:02","guid":{"rendered":"https:\/\/noticiasregionais.com.br\/?p=5125"},"modified":"2025-04-29T22:07:06","modified_gmt":"2025-04-30T01:07:06","slug":"prefeitura-de-ourinhos-intensifica-acoes-ambientais-com-o-projeto-ecobarreira","status":"publish","type":"post","link":"https:\/\/noticiasregionais.com.br\/?p=5125","title":{"rendered":"Prefeitura de Ourinhos intensifica a\u00e7\u00f5es ambientais com o Projeto Ecobarreira"},"content":{"rendered":"\n<p>Iniciativa da Secretaria do Meio Ambiente e Agricultura j\u00e1 impediu que meia tonelada de res\u00edduos chegasse aos rios em apenas dois meses.<\/p>\n\n\n\n<p>A Prefeitura de Ourinhos, por meio da Secretaria Municipal do Meio Ambiente e Agricultura, tem colhido resultados expressivos com a implanta\u00e7\u00e3o do projeto Ecobarreira, que visa reduzir a polui\u00e7\u00e3o nos c\u00f3rregos urbanos e proteger os recursos h\u00eddricos da cidade.<\/p>\n\n\n\n<p>Instaladas em pontos estrat\u00e9gicos dos c\u00f3rregos, as ecobarreiras atuam na reten\u00e7\u00e3o de res\u00edduos s\u00f3lidos, impedindo que materiais como pl\u00e1sticos, org\u00e2nicos e outros poluentes cheguem aos rios e represas. O objetivo \u00e9 claro: conter o lixo na origem, preservar o meio ambiente e promover uma nova cultura de sustentabilidade no munic\u00edpio.<\/p>\n\n\n\n<p>Em apenas dois meses de funcionamento, as ecobarreiras j\u00e1 impediram que aproximadamente meia tonelada de lixo fosse despejada nos cursos d\u2019\u00e1gua. A m\u00e9dia di\u00e1ria de res\u00edduos coletados \u00e9 de 5 quilos, podendo aumentar at\u00e9 400% em dias de chuva, evidenciando o impacto do descarte irregular de lixo na cidade. Todo o material recolhido est\u00e1 sendo separado e destinado para reciclagem, fortalecendo a economia circular e apoiando iniciativas locais de reaproveitamento.<\/p>\n\n\n\n<p>Al\u00e9m de melhorar a qualidade da \u00e1gua e preservar a fauna e flora dos ecossistemas aqu\u00e1ticos, o projeto tamb\u00e9m atua na preven\u00e7\u00e3o de enchentes, ao evitar o entupimento de galerias pluviais. Outro aspecto importante \u00e9 a valoriza\u00e7\u00e3o ambiental das \u00e1reas pr\u00f3ximas aos c\u00f3rregos, que se tornam mais limpas, seguras e agrad\u00e1veis para a popula\u00e7\u00e3o.<\/p>\n\n\n\n<p>A iniciativa tamb\u00e9m tem se consolidado como ferramenta de educa\u00e7\u00e3o ambiental, despertando nos moradores uma maior consci\u00eancia sobre a import\u00e2ncia da destina\u00e7\u00e3o correta dos res\u00edduos e a ado\u00e7\u00e3o de pr\u00e1ticas sustent\u00e1veis no dia a dia.<\/p>\n\n\n\n<p>Para a Secretaria do Meio Ambiente e Agricultura, a Ecobarreira representa mais do que uma medida t\u00e9cnica: \u00e9 um s\u00edmbolo do compromisso da gest\u00e3o municipal com a preserva\u00e7\u00e3o ambiental e a qualidade de vida dos ourinhenses. \u201c\u00c9 a prova de que a\u00e7\u00f5es simples podem gerar grandes transforma\u00e7\u00f5es. Estamos promovendo uma mudan\u00e7a de comportamento e cuidando do nosso patrim\u00f4nio natural com responsabilidade e inova\u00e7\u00e3o\u201d, destaca o secret\u00e1rio do Meio Ambiente e Agricultura Diogenes Corr\u00eaa Leite.<\/p>\n\n\n\n<p>O projeto segue em expans\u00e3o e refor\u00e7a o papel de Ourinhos como refer\u00eancia em boas pr\u00e1ticas ambientais no interior paulista.<\/p>\n\n\n\n<figure class=\"wp-block-gallery has-nested-images columns-default is-cropped wp-block-gallery-1 is-layout-flex wp-block-gallery-is-layout-flex\">\n<figure class=\"wp-block-image size-large\"><img decoding=\"async\" width=\"819\" height=\"1024\" data-id=\"5126\" src=\"https:\/\/noticiasregionais.com.br\/wp-content\/uploads\/2025\/04\/WhatsApp-Image-2025-04-29-at-14.50.26-819x1024.jpeg\" alt=\"\" class=\"wp-image-5126\" srcset=\"https:\/\/noticiasregionais.com.br\/wp-content\/uploads\/2025\/04\/WhatsApp-Image-2025-04-29-at-14.50.26-819x1024.jpeg 819w, https:\/\/noticiasregionais.com.br\/wp-content\/uploads\/2025\/04\/WhatsApp-Image-2025-04-29-at-14.50.26-240x300.jpeg 240w, https:\/\/noticiasregionais.com.br\/wp-content\/uploads\/2025\/04\/WhatsApp-Image-2025-04-29-at-14.50.26-768x961.jpeg 768w, https:\/\/noticiasregionais.com.br\/wp-content\/uploads\/2025\/04\/WhatsApp-Image-2025-04-29-at-14.50.26-1228x1536.jpeg 1228w, https:\/\/noticiasregionais.com.br\/wp-content\/uploads\/2025\/04\/WhatsApp-Image-2025-04-29-at-14.50.26.jpeg 1279w\" sizes=\"(max-width: 819px) 100vw, 819px\" \/><\/figure>\n\n\n\n<figure class=\"wp-block-image size-large\"><img decoding=\"async\" width=\"819\" height=\"1024\" data-id=\"5127\" src=\"https:\/\/noticiasregionais.com.br\/wp-content\/uploads\/2025\/04\/WhatsApp-Image-2025-04-29-at-14.50.25-819x1024.jpeg\" alt=\"\" class=\"wp-image-5127\" srcset=\"https:\/\/noticiasregionais.com.br\/wp-content\/uploads\/2025\/04\/WhatsApp-Image-2025-04-29-at-14.50.25-819x1024.jpeg 819w, https:\/\/noticiasregionais.com.br\/wp-content\/uploads\/2025\/04\/WhatsApp-Image-2025-04-29-at-14.50.25-240x300.jpeg 240w, https:\/\/noticiasregionais.com.br\/wp-content\/uploads\/2025\/04\/WhatsApp-Image-2025-04-29-at-14.50.25-768x961.jpeg 768w, https:\/\/noticiasregionais.com.br\/wp-content\/uploads\/2025\/04\/WhatsApp-Image-2025-04-29-at-14.50.25-1228x1536.jpeg 1228w, https:\/\/noticiasregionais.com.br\/wp-content\/uploads\/2025\/04\/WhatsApp-Image-2025-04-29-at-14.50.25.jpeg 1279w\" sizes=\"(max-width: 819px) 100vw, 819px\" \/><\/figure>\n\n\n\n<figure class=\"wp-block-image size-large\"><img decoding=\"async\" width=\"819\" height=\"1024\" data-id=\"5128\" src=\"https:\/\/noticiasregionais.com.br\/wp-content\/uploads\/2025\/04\/WhatsApp-Image-2025-04-29-at-14.50.24-819x1024.jpeg\" alt=\"\" class=\"wp-image-5128\" srcset=\"https:\/\/noticiasregionais.com.br\/wp-content\/uploads\/2025\/04\/WhatsApp-Image-2025-04-29-at-14.50.24-819x1024.jpeg 819w, https:\/\/noticiasregionais.com.br\/wp-content\/uploads\/2025\/04\/WhatsApp-Image-2025-04-29-at-14.50.24-240x300.jpeg 240w, https:\/\/noticiasregionais.com.br\/wp-content\/uploads\/2025\/04\/WhatsApp-Image-2025-04-29-at-14.50.24-768x961.jpeg 768w, https:\/\/noticiasregionais.com.br\/wp-content\/uploads\/2025\/04\/WhatsApp-Image-2025-04-29-at-14.50.24-1228x1536.jpeg 1228w, https:\/\/noticiasregionais.com.br\/wp-content\/uploads\/2025\/04\/WhatsApp-Image-2025-04-29-at-14.50.24.jpeg 1279w\" sizes=\"(max-width: 819px) 100vw, 819px\" \/><\/figure>\n<\/figure>\n<input type=\"hidden\" id=\"baseurl\" value=\"https:\/\/noticiasregionais.com.br\"><input type=\"hidden\" id=\"audio_nonce\" value=\"533fbb67b1\">","protected":false},"excerpt":{"rendered":"<p>Iniciativa da Secretaria do Meio Ambiente e Agricultura j\u00e1 impediu que meia tonelada de res\u00edduos chegasse aos rios em apenas&hellip;<\/p>\n","protected":false},"author":1,"featured_media":5129,"comment_status":"closed","ping_status":"open","sticky":false,"template":"","format":"standard","meta":{"sfsi_plus_gutenberg_text_before_share":"","sfsi_plus_gutenberg_show_text_before_share":"","sfsi_plus_gutenberg_icon_type":"","sfsi_plus_gutenberg_icon_alignemt":"","sfsi_plus_gutenburg_max_per_row":"","footnotes":""},"categories":[5,10,1],"tags":[16],"class_list":["post-5125","post","type-post","status-publish","format-standard","has-post-thumbnail","hentry","category-ourinhos","category-destaques","category-noticias","tag-ourinhos"],"_links":{"self":[{"href":"https:\/\/noticiasregionais.com.br\/index.php?rest_route=\/wp\/v2\/posts\/5125","targetHints":{"allow":["GET"]}}],"collection":[{"href":"https:\/\/noticiasregionais.com.br\/index.php?rest_route=\/wp\/v2\/posts"}],"about":[{"href":"https:\/\/noticiasregionais.com.br\/index.php?rest_route=\/wp\/v2\/types\/post"}],"author":[{"embeddable":true,"href":"https:\/\/noticiasregionais.com.br\/index.php?rest_route=\/wp\/v2\/users\/1"}],"replies":[{"embeddable":true,"href":"https:\/\/noticiasregionais.com.br\/index.php?rest_route=%2Fwp%2Fv2%2Fcomments&post=5125"}],"version-history":[{"count":1,"href":"https:\/\/noticiasregionais.com.br\/index.php?rest_route=\/wp\/v2\/posts\/5125\/revisions"}],"predecessor-version":[{"id":5130,"href":"https:\/\/noticiasregionais.com.br\/index.php?rest_route=\/wp\/v2\/posts\/5125\/revisions\/5130"}],"wp:featuredmedia":[{"embeddable":true,"href":"https:\/\/noticiasregionais.com.br\/index.php?rest_route=\/wp\/v2\/media\/5129"}],"wp:attachment":[{"href":"https:\/\/noticiasregionais.com.br\/index.php?rest_route=%2Fwp%2Fv2%2Fmedia&parent=5125"}],"wp:term":[{"taxonomy":"category","embeddable":true,"href":"https:\/\/noticiasregionais.com.br\/index.php?rest_route=%2Fwp%2Fv2%2Fcategories&post=5125"},{"taxonomy":"post_tag","embeddable":true,"href":"https:\/\/noticiasregionais.com.br\/index.php?rest_route=%2Fwp%2Fv2%2Ftags&post=5125"}],"curies":[{"name":"wp","href":"https:\/\/api.w.org\/{rel}","templated":true}]}}