{"id":5131,"date":"2025-04-29T22:17:17","date_gmt":"2025-04-30T01:17:17","guid":{"rendered":"https:\/\/noticiasregionais.com.br\/?p=5131"},"modified":"2025-04-29T22:17:56","modified_gmt":"2025-04-30T01:17:56","slug":"vereador-wesley-carlos-propoe-melhorias-na-limpeza-escolar-e-celebra-recapeamento-de-via-no-jardim-paulista","status":"publish","type":"post","link":"https:\/\/noticiasregionais.com.br\/?p=5131","title":{"rendered":"Vereador Wesley Carlos prop\u00f5e melhorias na limpeza escolar e celebra recapeamento de via no Jardim Paulista"},"content":{"rendered":"\n<p>Durante a 12\u00aa Sess\u00e3o Ordin\u00e1ria da C\u00e2mara Municipal, o vereador Wesley Carlos apresentou iniciativas voltadas \u00e0 melhoria da infraestrutura urbana e das condi\u00e7\u00f5es de higiene nos arredores das escolas municipais. A atua\u00e7\u00e3o do parlamentar vem ao encontro de demandas importantes da popula\u00e7\u00e3o, com foco na qualidade de vida e no bem-estar da comunidade.<\/p>\n\n\n\n<h3 class=\"wp-block-heading\"><strong>Solicita\u00e7\u00e3o de containers de lixo nas escolas municipais<\/strong><\/h3>\n\n\n\n<p>Um dos destaques da sess\u00e3o foi o <strong>Requerimento n\u00ba 727\/2025<\/strong>, em que Wesley Carlos solicitou \u00e0 Secretaria de Meio Ambiente a instala\u00e7\u00e3o de <strong>containers de coleta de lixo em frente \u00e0s escolas da rede municipal<\/strong>. A proposta tem como objetivo oferecer um local mais adequado para o descarte de res\u00edduos, contribuindo para a limpeza, seguran\u00e7a e sa\u00fade dos estudantes e de suas fam\u00edlias.<\/p>\n\n\n\n<p>O vereador compartilhou registros fotogr\u00e1ficos que evidenciam a necessidade da medida, ressaltando casos em que o lixo acumulado acabou gerando desconforto no ambiente escolar.<\/p>\n\n\n\n<blockquote class=\"wp-block-quote is-layout-flow wp-block-quote-is-layout-flow\">\n<p>\u201c\u00c9 fundamental que nossas crian\u00e7as estudem em um ambiente limpo e seguro. A instala\u00e7\u00e3o dos containers vai melhorar muito a situa\u00e7\u00e3o das escolas\u201d, afirmou.<\/p>\n<\/blockquote>\n\n\n\n<h3 class=\"wp-block-heading\"><strong>Rua Alexandre Rosa recebe recapeamento completo ap\u00f3s d\u00e9cadas<\/strong><\/h3>\n\n\n\n<p>Outro ponto abordado foi o <strong>atendimento ao Requerimento n\u00ba 377\/2025<\/strong>, referente ao <strong>recapeamento asf\u00e1ltico da Rua Alexandre Rosa<\/strong>, localizada no Jardim Paulista. A obra, muito aguardada pelos moradores, foi conclu\u00edda recentemente.<\/p>\n\n\n\n<blockquote class=\"wp-block-quote is-layout-flow wp-block-quote-is-layout-flow\">\n<p>\u201cH\u00e1 mais de 30 anos essa rua n\u00e3o recebia melhorias. Fico muito feliz por ter contribu\u00eddo para que essa demanda fosse atendida\u201d, declarou Wesley.<\/p>\n<\/blockquote>\n\n\n\n<p>O vereador fez quest\u00e3o de agradecer ao <strong>Prefeito Guilherme Gon\u00e7alves<\/strong>, ao <strong>Vice-Prefeito Alexandre Z\u00f3io<\/strong> e ao <strong>Secret\u00e1rio de Obras Maicon Cabral<\/strong> pelo trabalho executado com qualidade.<\/p>\n\n\n\n<p>Com essas a\u00e7\u00f5es, Wesley Carlos refor\u00e7a seu compromisso com a popula\u00e7\u00e3o, propondo solu\u00e7\u00f5es pr\u00e1ticas e colaborando com o Poder Executivo para promover avan\u00e7os importantes no munic\u00edpio.<\/p>\n\n\n<div class=\"wp-block-image\">\n<figure class=\"aligncenter size-large\"><img decoding=\"async\" width=\"1024\" height=\"1024\" src=\"https:\/\/noticiasregionais.com.br\/wp-content\/uploads\/2025\/04\/WhatsApp-Image-2025-04-29-at-10.26.291-1024x1024.jpeg\" alt=\"\" class=\"wp-image-5133\" srcset=\"https:\/\/noticiasregionais.com.br\/wp-content\/uploads\/2025\/04\/WhatsApp-Image-2025-04-29-at-10.26.291-1024x1024.jpeg 1024w, https:\/\/noticiasregionais.com.br\/wp-content\/uploads\/2025\/04\/WhatsApp-Image-2025-04-29-at-10.26.291-300x300.jpeg 300w, https:\/\/noticiasregionais.com.br\/wp-content\/uploads\/2025\/04\/WhatsApp-Image-2025-04-29-at-10.26.291-150x150.jpeg 150w, https:\/\/noticiasregionais.com.br\/wp-content\/uploads\/2025\/04\/WhatsApp-Image-2025-04-29-at-10.26.291-768x768.jpeg 768w, https:\/\/noticiasregionais.com.br\/wp-content\/uploads\/2025\/04\/WhatsApp-Image-2025-04-29-at-10.26.291.jpeg 1280w\" sizes=\"(max-width: 1024px) 100vw, 1024px\" \/><\/figure>\n<\/div><input type=\"hidden\" id=\"baseurl\" value=\"https:\/\/noticiasregionais.com.br\"><input type=\"hidden\" id=\"audio_nonce\" value=\"533fbb67b1\">","protected":false},"excerpt":{"rendered":"<p>Durante a 12\u00aa Sess\u00e3o Ordin\u00e1ria da C\u00e2mara Municipal, o vereador Wesley Carlos apresentou iniciativas voltadas \u00e0 melhoria da infraestrutura urbana&hellip;<\/p>\n","protected":false},"author":1,"featured_media":5086,"comment_status":"closed","ping_status":"open","sticky":false,"template":"","format":"standard","meta":{"sfsi_plus_gutenberg_text_before_share":"","sfsi_plus_gutenberg_show_text_before_share":"","sfsi_plus_gutenberg_icon_type":"","sfsi_plus_gutenberg_icon_alignemt":"","sfsi_plus_gutenburg_max_per_row":"","footnotes":""},"categories":[1,10,5],"tags":[],"class_list":["post-5131","post","type-post","status-publish","format-standard","has-post-thumbnail","hentry","category-noticias","category-destaques","category-ourinhos"],"_links":{"self":[{"href":"https:\/\/noticiasregionais.com.br\/index.php?rest_route=\/wp\/v2\/posts\/5131","targetHints":{"allow":["GET"]}}],"collection":[{"href":"https:\/\/noticiasregionais.com.br\/index.php?rest_route=\/wp\/v2\/posts"}],"about":[{"href":"https:\/\/noticiasregionais.com.br\/index.php?rest_route=\/wp\/v2\/types\/post"}],"author":[{"embeddable":true,"href":"https:\/\/noticiasregionais.com.br\/index.php?rest_route=\/wp\/v2\/users\/1"}],"replies":[{"embeddable":true,"href":"https:\/\/noticiasregionais.com.br\/index.php?rest_route=%2Fwp%2Fv2%2Fcomments&post=5131"}],"version-history":[{"count":1,"href":"https:\/\/noticiasregionais.com.br\/index.php?rest_route=\/wp\/v2\/posts\/5131\/revisions"}],"predecessor-version":[{"id":5134,"href":"https:\/\/noticiasregionais.com.br\/index.php?rest_route=\/wp\/v2\/posts\/5131\/revisions\/5134"}],"wp:featuredmedia":[{"embeddable":true,"href":"https:\/\/noticiasregionais.com.br\/index.php?rest_route=\/wp\/v2\/media\/5086"}],"wp:attachment":[{"href":"https:\/\/noticiasregionais.com.br\/index.php?rest_route=%2Fwp%2Fv2%2Fmedia&parent=5131"}],"wp:term":[{"taxonomy":"category","embeddable":true,"href":"https:\/\/noticiasregionais.com.br\/index.php?rest_route=%2Fwp%2Fv2%2Fcategories&post=5131"},{"taxonomy":"post_tag","embeddable":true,"href":"https:\/\/noticiasregionais.com.br\/index.php?rest_route=%2Fwp%2Fv2%2Ftags&post=5131"}],"curies":[{"name":"wp","href":"https:\/\/api.w.org\/{rel}","templated":true}]}}