{"id":5136,"date":"2025-04-30T18:42:43","date_gmt":"2025-04-30T21:42:43","guid":{"rendered":"https:\/\/noticiasregionais.com.br\/?p=5136"},"modified":"2025-04-30T18:43:13","modified_gmt":"2025-04-30T21:43:13","slug":"daqui-a-pouco-tem-o-4o-bailao-do-trabalhador-na-aeco-em-ourinhos-evento-espera-baileiros-de-toda-regiao","status":"publish","type":"post","link":"https:\/\/noticiasregionais.com.br\/?p=5136","title":{"rendered":"Daqui a pouco tem o 4\u00ba Bail\u00e3o do Trabalhador na AECO em Ourinhos. Evento espera baileiros de toda regi\u00e3o"},"content":{"rendered":"\n<p>A cidade de Ourinhos j\u00e1 est\u00e1 em clima de festa! Acontece <strong>daqui a pouco, nesta ter\u00e7a-feira (30), a partir das 21h, na AECO<\/strong>, o t\u00e3o aguardado <strong>4\u00ba Bail\u00e3o do Trabalhador<\/strong>, promovido pela Equipe Baila Comigo em parceria com a SV Eventos.<\/p>\n\n\n\n<p>Com um grande n\u00famero de convites j\u00e1 vendidos e <strong>pouqu\u00edssimas unidades ainda dispon\u00edveis<\/strong>, a expectativa \u00e9 de casa cheia para uma noite inesquec\u00edvel. O evento promete muita dan\u00e7a, divers\u00e3o e celebra\u00e7\u00e3o, reunindo o p\u00fablico da cidade e da regi\u00e3o em clima de confraterniza\u00e7\u00e3o.<\/p>\n\n\n\n<p>As atra\u00e7\u00f5es musicais ficam por conta das bandas <strong>Ponto G<\/strong> e <strong>Grupo Chamego Bom<\/strong>, que v\u00e3o embalar o p\u00fablico com o melhor do <strong>sertanejo universit\u00e1rio, forr\u00f3 e pisadinha<\/strong>, garantindo uma pista animada at\u00e9 altas horas.<\/p>\n\n\n\n<p>Al\u00e9m da m\u00fasica ao vivo, a festa contar\u00e1 com <strong>sorteios de pr\u00eamios em dinheiro e brindes especiais<\/strong>, valorizando ainda mais a participa\u00e7\u00e3o de quem for celebrar o Dia do Trabalhador em grande estilo.<\/p>\n\n\n\n<h4 class=\"wp-block-heading\">\u00daltimos ingressos dispon\u00edveis:<\/h4>\n\n\n\n<ul class=\"wp-block-list\">\n<li>\ud83c\udf9f\ufe0f <strong>R$ 40 (portaria do evento)<\/strong><\/li>\n<\/ul>\n\n\n\n<h4 class=\"wp-block-heading\">Reservas de mesa (\u00faltimas unidades):<\/h4>\n\n\n\n<ul class=\"wp-block-list\">\n<li>\ud83d\udcba <strong>Sal\u00e3o do bar<\/strong>: R$ 10<\/li>\n<\/ul>\n\n\n\n<p>\ud83d\udcde Informa\u00e7\u00f5es e reservas:<\/p>\n\n\n\n<ul class=\"wp-block-list\">\n<li>(14) 99799-6611 \u2013 Bell<\/li>\n\n\n\n<li>(14) 99636-5041 \u2013 Juliano<\/li>\n\n\n\n<li>(14) 99691-4718 \u2013 Silvana<\/li>\n<\/ul>\n<input type=\"hidden\" id=\"baseurl\" value=\"https:\/\/noticiasregionais.com.br\"><input type=\"hidden\" id=\"audio_nonce\" value=\"3cdc555a10\">","protected":false},"excerpt":{"rendered":"<p>A cidade de Ourinhos j\u00e1 est\u00e1 em clima de festa! Acontece daqui a pouco, nesta ter\u00e7a-feira (30), a partir das&hellip;<\/p>\n","protected":false},"author":1,"featured_media":5029,"comment_status":"closed","ping_status":"open","sticky":false,"template":"","format":"standard","meta":{"sfsi_plus_gutenberg_text_before_share":"","sfsi_plus_gutenberg_show_text_before_share":"","sfsi_plus_gutenberg_icon_type":"","sfsi_plus_gutenberg_icon_alignemt":"","sfsi_plus_gutenburg_max_per_row":"","footnotes":""},"categories":[12,1,5],"tags":[16],"class_list":["post-5136","post","type-post","status-publish","format-standard","has-post-thumbnail","hentry","category-capa","category-noticias","category-ourinhos","tag-ourinhos"],"_links":{"self":[{"href":"https:\/\/noticiasregionais.com.br\/index.php?rest_route=\/wp\/v2\/posts\/5136","targetHints":{"allow":["GET"]}}],"collection":[{"href":"https:\/\/noticiasregionais.com.br\/index.php?rest_route=\/wp\/v2\/posts"}],"about":[{"href":"https:\/\/noticiasregionais.com.br\/index.php?rest_route=\/wp\/v2\/types\/post"}],"author":[{"embeddable":true,"href":"https:\/\/noticiasregionais.com.br\/index.php?rest_route=\/wp\/v2\/users\/1"}],"replies":[{"embeddable":true,"href":"https:\/\/noticiasregionais.com.br\/index.php?rest_route=%2Fwp%2Fv2%2Fcomments&post=5136"}],"version-history":[{"count":1,"href":"https:\/\/noticiasregionais.com.br\/index.php?rest_route=\/wp\/v2\/posts\/5136\/revisions"}],"predecessor-version":[{"id":5137,"href":"https:\/\/noticiasregionais.com.br\/index.php?rest_route=\/wp\/v2\/posts\/5136\/revisions\/5137"}],"wp:featuredmedia":[{"embeddable":true,"href":"https:\/\/noticiasregionais.com.br\/index.php?rest_route=\/wp\/v2\/media\/5029"}],"wp:attachment":[{"href":"https:\/\/noticiasregionais.com.br\/index.php?rest_route=%2Fwp%2Fv2%2Fmedia&parent=5136"}],"wp:term":[{"taxonomy":"category","embeddable":true,"href":"https:\/\/noticiasregionais.com.br\/index.php?rest_route=%2Fwp%2Fv2%2Fcategories&post=5136"},{"taxonomy":"post_tag","embeddable":true,"href":"https:\/\/noticiasregionais.com.br\/index.php?rest_route=%2Fwp%2Fv2%2Ftags&post=5136"}],"curies":[{"name":"wp","href":"https:\/\/api.w.org\/{rel}","templated":true}]}}