{"id":5138,"date":"2025-04-30T18:56:02","date_gmt":"2025-04-30T21:56:02","guid":{"rendered":"https:\/\/noticiasregionais.com.br\/?p=5138"},"modified":"2025-04-30T19:09:46","modified_gmt":"2025-04-30T22:09:46","slug":"prefeitura-divulga-horarios-de-funcionamento-durante-feriado-prolongado-da-trabalhador","status":"publish","type":"post","link":"https:\/\/noticiasregionais.com.br\/?p=5138","title":{"rendered":"Prefeitura divulga hor\u00e1rios de funcionamento durante feriado prolongado do trabalhador"},"content":{"rendered":"\n<p>A Prefeitura de Ourinhos anunciou os hor\u00e1rios especiais de funcionamento dos servi\u00e7os p\u00fablicos durante o feriado prolongado de 1\u00ba a 4 de maio. A medida visa organizar o atendimento \u00e0 popula\u00e7\u00e3o e garantir o funcionamento dos servi\u00e7os essenciais, especialmente os voltados \u00e0 sa\u00fade.<\/p>\n\n\n\n<p>Confira como fica o funcionamento dos principais servi\u00e7os:<\/p>\n\n\n\n<h3 class=\"wp-block-heading\"><strong>Reparti\u00e7\u00f5es P\u00fablicas<\/strong><\/h3>\n\n\n\n<p>As secretarias municipais, postos de sa\u00fade convencionais, CRAS e demais reparti\u00e7\u00f5es p\u00fablicas estar\u00e3o <strong>fechadas entre os dias 1\u00ba e 4 de maio<\/strong>.<\/p>\n\n\n\n<h3 class=\"wp-block-heading\"><strong>Coleta de Lixo<\/strong><\/h3>\n\n\n\n<p>A coleta de lixo domiciliar ser\u00e1 <strong>suspensa apenas no dia 1\u00ba de maio<\/strong> (quarta-feira), retornando normalmente nos dias seguintes.<\/p>\n\n\n\n<h3 class=\"wp-block-heading\"><strong>Ecopontos<\/strong><\/h3>\n\n\n\n<p>Os ecopontos municipais estar\u00e3o <strong>fechados apenas no feriado de 1\u00ba de maio<\/strong>, com funcionamento <strong>normal a partir do dia 2<\/strong> (quinta-feira).<\/p>\n\n\n\n<h3 class=\"wp-block-heading\"><strong>Sa\u00fade &#8211; Atendimento Especial para Dengue<\/strong><\/h3>\n\n\n\n<ul class=\"wp-block-list\">\n<li><strong>UBS Caic e UBS S\u00e3o Luiz<\/strong>: Realizar\u00e3o <strong>atendimento exclusivo para casos de dengue<\/strong>, das <strong>07h \u00e0s 21h<\/strong>, <strong>de quinta a domingo<\/strong>.<\/li>\n\n\n\n<li><strong>USF Pacheco Chaves<\/strong>: Tamb\u00e9m com foco em dengue, funcionar\u00e1 <strong>excepcionalmente no dia 02\/05 (quinta-feira)<\/strong>, das <strong>17h \u00e0s 20h<\/strong>.<\/li>\n<\/ul>\n\n\n\n<h3 class=\"wp-block-heading\"><strong>Pronto Atendimento &#8211; Urg\u00eancia e Emerg\u00eancia<\/strong><\/h3>\n\n\n\n<ul class=\"wp-block-list\">\n<li><strong>CSI (Post\u00e3o Central)<\/strong>:\n<ul class=\"wp-block-list\">\n<li>Dias <strong>01 e 02 de maio<\/strong>: Aberto das <strong>18h \u00e0s 21h<\/strong>.<\/li>\n\n\n\n<li>Dias <strong>03 e 04 de maio<\/strong>: <strong>Fechado<\/strong>.<\/li>\n<\/ul>\n<\/li>\n\n\n\n<li><strong>UPA (Unidade de Pronto Atendimento)<\/strong>: Funcionar\u00e1 normalmente, <strong>24 horas por dia<\/strong>, durante todo o feriado.<\/li>\n\n\n\n<li><strong>Pronto Atendimento da Cohab<\/strong>:\n<ul class=\"wp-block-list\">\n<li><strong>01\/05<\/strong>: das <strong>12h \u00e0s 0h<\/strong>.<\/li>\n\n\n\n<li><strong>02\/05<\/strong>: das <strong>07h \u00e0s 0h<\/strong>.<\/li>\n\n\n\n<li><strong>03 e 04\/05<\/strong>: das <strong>12h \u00e0s 0h<\/strong>.<\/li>\n<\/ul>\n<\/li>\n<\/ul>\n\n\n\n<h3 class=\"wp-block-heading\"><strong>Restaurante Popular<\/strong><\/h3>\n\n\n\n<p>O Restaurante Popular estar\u00e1 <strong>fechado no dia 1\u00ba de maio<\/strong>, com <strong>retorno normal das atividades no dia 2<\/strong>.<\/p>\n\n\n\n<p>A Prefeitura refor\u00e7a a import\u00e2ncia de a popula\u00e7\u00e3o se programar com anteced\u00eancia e utilizar os canais de sa\u00fade dispon\u00edveis principalmente para o combate \u00e0 dengue, cuja incid\u00eancia vem sendo monitorada com aten\u00e7\u00e3o redobrada.<\/p>\n<input type=\"hidden\" id=\"baseurl\" value=\"https:\/\/noticiasregionais.com.br\"><input type=\"hidden\" id=\"audio_nonce\" value=\"533fbb67b1\">","protected":false},"excerpt":{"rendered":"<p>A Prefeitura de Ourinhos anunciou os hor\u00e1rios especiais de funcionamento dos servi\u00e7os p\u00fablicos durante o feriado prolongado de 1\u00ba a&hellip;<\/p>\n","protected":false},"author":1,"featured_media":1330,"comment_status":"closed","ping_status":"open","sticky":false,"template":"","format":"standard","meta":{"sfsi_plus_gutenberg_text_before_share":"","sfsi_plus_gutenberg_show_text_before_share":"","sfsi_plus_gutenberg_icon_type":"","sfsi_plus_gutenberg_icon_alignemt":"","sfsi_plus_gutenburg_max_per_row":"","footnotes":""},"categories":[5,10,1],"tags":[16],"class_list":["post-5138","post","type-post","status-publish","format-standard","has-post-thumbnail","hentry","category-ourinhos","category-destaques","category-noticias","tag-ourinhos"],"_links":{"self":[{"href":"https:\/\/noticiasregionais.com.br\/index.php?rest_route=\/wp\/v2\/posts\/5138","targetHints":{"allow":["GET"]}}],"collection":[{"href":"https:\/\/noticiasregionais.com.br\/index.php?rest_route=\/wp\/v2\/posts"}],"about":[{"href":"https:\/\/noticiasregionais.com.br\/index.php?rest_route=\/wp\/v2\/types\/post"}],"author":[{"embeddable":true,"href":"https:\/\/noticiasregionais.com.br\/index.php?rest_route=\/wp\/v2\/users\/1"}],"replies":[{"embeddable":true,"href":"https:\/\/noticiasregionais.com.br\/index.php?rest_route=%2Fwp%2Fv2%2Fcomments&post=5138"}],"version-history":[{"count":2,"href":"https:\/\/noticiasregionais.com.br\/index.php?rest_route=\/wp\/v2\/posts\/5138\/revisions"}],"predecessor-version":[{"id":5147,"href":"https:\/\/noticiasregionais.com.br\/index.php?rest_route=\/wp\/v2\/posts\/5138\/revisions\/5147"}],"wp:featuredmedia":[{"embeddable":true,"href":"https:\/\/noticiasregionais.com.br\/index.php?rest_route=\/wp\/v2\/media\/1330"}],"wp:attachment":[{"href":"https:\/\/noticiasregionais.com.br\/index.php?rest_route=%2Fwp%2Fv2%2Fmedia&parent=5138"}],"wp:term":[{"taxonomy":"category","embeddable":true,"href":"https:\/\/noticiasregionais.com.br\/index.php?rest_route=%2Fwp%2Fv2%2Fcategories&post=5138"},{"taxonomy":"post_tag","embeddable":true,"href":"https:\/\/noticiasregionais.com.br\/index.php?rest_route=%2Fwp%2Fv2%2Ftags&post=5138"}],"curies":[{"name":"wp","href":"https:\/\/api.w.org\/{rel}","templated":true}]}}