{"id":5140,"date":"2025-04-30T19:02:37","date_gmt":"2025-04-30T22:02:37","guid":{"rendered":"https:\/\/noticiasregionais.com.br\/?p=5140"},"modified":"2025-04-30T19:02:40","modified_gmt":"2025-04-30T22:02:40","slug":"pedagio-na-br-153-sp-tera-novo-valor-a-partir-de-3-de-maio","status":"publish","type":"post","link":"https:\/\/noticiasregionais.com.br\/?p=5140","title":{"rendered":"Ped\u00e1gio na BR-153\/SP ter\u00e1 novo valor a partir de 3 de maio"},"content":{"rendered":"\n<p>A Ag\u00eancia Nacional de Transportes Terrestres (ANTT) autorizou o reajuste da tarifa b\u00e1sica de ped\u00e1gio na BR-153, trecho paulista administrado pela concession\u00e1ria Triunfo Transbrasiliana. A nova tarifa entra em vigor a partir da 0h deste s\u00e1bado, <strong>3 de maio de 2025<\/strong>.<\/p>\n\n\n\n<p>Conforme a <strong>Decis\u00e3o SUROD n\u00ba 437<\/strong>, de 23 de abril de 2025, publicada no Di\u00e1rio Oficial da Uni\u00e3o no dia 30, o valor passar\u00e1 de <strong>R$ 9,60 para R$ 10,10<\/strong>, variando conforme o n\u00famero de eixos e o tipo de ve\u00edculo.<\/p>\n\n\n\n<p>O reajuste ser\u00e1 aplicado nas quatro pra\u00e7as de ped\u00e1gio da concession\u00e1ria:<\/p>\n\n\n\n<ul class=\"wp-block-list\">\n<li>Onda Verde (km 35+800)<\/li>\n\n\n\n<li>Jos\u00e9 Bonif\u00e1cio (km 98+900)<\/li>\n\n\n\n<li>Lins (km 183+800)<\/li>\n\n\n\n<li>Vera Cruz (km 268+100)<\/li>\n<\/ul>\n\n\n\n<p>Segundo a empresa, o aumento considera a corre\u00e7\u00e3o pelo <strong>\u00cdndice Nacional de Pre\u00e7os ao Consumidor Amplo (IPCA)<\/strong> e o reequil\u00edbrio econ\u00f4mico-financeiro relacionado \u00e0 <strong>17\u00aa Revis\u00e3o Ordin\u00e1ria<\/strong> do contrato de concess\u00e3o.<\/p>\n<input type=\"hidden\" id=\"baseurl\" value=\"https:\/\/noticiasregionais.com.br\"><input type=\"hidden\" id=\"audio_nonce\" value=\"533fbb67b1\">","protected":false},"excerpt":{"rendered":"<p>A Ag\u00eancia Nacional de Transportes Terrestres (ANTT) autorizou o reajuste da tarifa b\u00e1sica de ped\u00e1gio na BR-153, trecho paulista administrado&hellip;<\/p>\n","protected":false},"author":1,"featured_media":5141,"comment_status":"closed","ping_status":"open","sticky":false,"template":"","format":"standard","meta":{"sfsi_plus_gutenberg_text_before_share":"","sfsi_plus_gutenberg_show_text_before_share":"","sfsi_plus_gutenberg_icon_type":"","sfsi_plus_gutenberg_icon_alignemt":"","sfsi_plus_gutenburg_max_per_row":"","footnotes":""},"categories":[10,1,6],"tags":[25],"class_list":["post-5140","post","type-post","status-publish","format-standard","has-post-thumbnail","hentry","category-destaques","category-noticias","category-sao_paulo","tag-marilia"],"_links":{"self":[{"href":"https:\/\/noticiasregionais.com.br\/index.php?rest_route=\/wp\/v2\/posts\/5140","targetHints":{"allow":["GET"]}}],"collection":[{"href":"https:\/\/noticiasregionais.com.br\/index.php?rest_route=\/wp\/v2\/posts"}],"about":[{"href":"https:\/\/noticiasregionais.com.br\/index.php?rest_route=\/wp\/v2\/types\/post"}],"author":[{"embeddable":true,"href":"https:\/\/noticiasregionais.com.br\/index.php?rest_route=\/wp\/v2\/users\/1"}],"replies":[{"embeddable":true,"href":"https:\/\/noticiasregionais.com.br\/index.php?rest_route=%2Fwp%2Fv2%2Fcomments&post=5140"}],"version-history":[{"count":1,"href":"https:\/\/noticiasregionais.com.br\/index.php?rest_route=\/wp\/v2\/posts\/5140\/revisions"}],"predecessor-version":[{"id":5142,"href":"https:\/\/noticiasregionais.com.br\/index.php?rest_route=\/wp\/v2\/posts\/5140\/revisions\/5142"}],"wp:featuredmedia":[{"embeddable":true,"href":"https:\/\/noticiasregionais.com.br\/index.php?rest_route=\/wp\/v2\/media\/5141"}],"wp:attachment":[{"href":"https:\/\/noticiasregionais.com.br\/index.php?rest_route=%2Fwp%2Fv2%2Fmedia&parent=5140"}],"wp:term":[{"taxonomy":"category","embeddable":true,"href":"https:\/\/noticiasregionais.com.br\/index.php?rest_route=%2Fwp%2Fv2%2Fcategories&post=5140"},{"taxonomy":"post_tag","embeddable":true,"href":"https:\/\/noticiasregionais.com.br\/index.php?rest_route=%2Fwp%2Fv2%2Ftags&post=5140"}],"curies":[{"name":"wp","href":"https:\/\/api.w.org\/{rel}","templated":true}]}}