{"id":5143,"date":"2025-04-30T19:09:02","date_gmt":"2025-04-30T22:09:02","guid":{"rendered":"https:\/\/noticiasregionais.com.br\/?p=5143"},"modified":"2025-04-30T19:09:05","modified_gmt":"2025-04-30T22:09:05","slug":"homem-e-preso-por-trafico-de-drogas-durante-operacao-policial-no-jardim-sao-carlos-em-ourinhos","status":"publish","type":"post","link":"https:\/\/noticiasregionais.com.br\/?p=5143","title":{"rendered":"Homem \u00e9 preso por tr\u00e1fico de drogas durante opera\u00e7\u00e3o policial no Jardim S\u00e3o Carlos, em Ourinhos"},"content":{"rendered":"\n<p>Na manh\u00e3 desta ter\u00e7a-feira, <strong>29 de abril de 2025<\/strong>, a Pol\u00edcia Militar, por meio da <strong>Equipe K9 do 13\u00ba BAEP<\/strong>, em opera\u00e7\u00e3o conjunta com a <strong>DISE de Ourinhos<\/strong>, realizou o cumprimento de um <strong>Mandado de Busca e Apreens\u00e3o<\/strong> no bairro Jardim S\u00e3o Carlos, que resultou na pris\u00e3o de um homem de <strong>20 anos<\/strong> por <strong>tr\u00e1fico de drogas<\/strong>.<\/p>\n\n\n\n<p>A a\u00e7\u00e3o ocorreu por volta das <strong>6h40<\/strong>, com o apoio de um c\u00e3o farejador, que indicou a presen\u00e7a de entorpecentes em um sof\u00e1 da resid\u00eancia. No local, os policiais encontraram <strong>50 eppendorfs com coca\u00edna<\/strong>, totalizando <strong>63 gramas<\/strong>. Em um guarda-roupa, entre as roupas, foram localizadas <strong>seis por\u00e7\u00f5es de maconha<\/strong>, sendo uma de tamanho maior, somando <strong>128 gramas da droga<\/strong>.<\/p>\n\n\n\n<p>Durante a busca pessoal no suspeito, os policiais apreenderam <strong>R$ 124 em dinheiro<\/strong>, proveniente do tr\u00e1fico, al\u00e9m de <strong>quatro celulares<\/strong> na resid\u00eancia.<\/p>\n\n\n\n<p>Durante a opera\u00e7\u00e3o, a <strong>companheira do detido<\/strong> acabou sendo presa por <strong>desacato<\/strong>, ap\u00f3s proferir ofensas aos policiais. Ela foi encaminhada \u00e0 delegacia, onde foi lavrado um <strong>Termo Circunstanciado<\/strong>, sendo ouvida e liberada posteriormente.<\/p>\n\n\n\n<p>O homem foi encaminhado \u00e0 <strong>DISE de Ourinhos<\/strong>, onde a <strong>pris\u00e3o por tr\u00e1fico de drogas foi ratificada<\/strong>, permanecendo \u00e0 disposi\u00e7\u00e3o da Justi\u00e7a. A a\u00e7\u00e3o faz parte de um esfor\u00e7o conjunto das for\u00e7as de seguran\u00e7a para combater o tr\u00e1fico na regi\u00e3o.<\/p>\n\n\n\n<figure class=\"wp-block-image size-large\"><img decoding=\"async\" width=\"1024\" height=\"1024\" src=\"https:\/\/noticiasregionais.com.br\/wp-content\/uploads\/2025\/04\/WhatsApp-Image-2025-04-29-at-14.43.26-1024x1024.jpeg\" alt=\"\" class=\"wp-image-5144\" srcset=\"https:\/\/noticiasregionais.com.br\/wp-content\/uploads\/2025\/04\/WhatsApp-Image-2025-04-29-at-14.43.26-1024x1024.jpeg 1024w, https:\/\/noticiasregionais.com.br\/wp-content\/uploads\/2025\/04\/WhatsApp-Image-2025-04-29-at-14.43.26-300x300.jpeg 300w, https:\/\/noticiasregionais.com.br\/wp-content\/uploads\/2025\/04\/WhatsApp-Image-2025-04-29-at-14.43.26-150x150.jpeg 150w, https:\/\/noticiasregionais.com.br\/wp-content\/uploads\/2025\/04\/WhatsApp-Image-2025-04-29-at-14.43.26-768x768.jpeg 768w, https:\/\/noticiasregionais.com.br\/wp-content\/uploads\/2025\/04\/WhatsApp-Image-2025-04-29-at-14.43.26-1536x1536.jpeg 1536w, https:\/\/noticiasregionais.com.br\/wp-content\/uploads\/2025\/04\/WhatsApp-Image-2025-04-29-at-14.43.26-2048x2048.jpeg 2048w\" sizes=\"(max-width: 1024px) 100vw, 1024px\" \/><\/figure>\n<input type=\"hidden\" id=\"baseurl\" value=\"https:\/\/noticiasregionais.com.br\"><input type=\"hidden\" id=\"audio_nonce\" value=\"533fbb67b1\">","protected":false},"excerpt":{"rendered":"<p>Na manh\u00e3 desta ter\u00e7a-feira, 29 de abril de 2025, a Pol\u00edcia Militar, por meio da Equipe K9 do 13\u00ba BAEP,&hellip;<\/p>\n","protected":false},"author":1,"featured_media":5145,"comment_status":"closed","ping_status":"open","sticky":false,"template":"","format":"standard","meta":{"sfsi_plus_gutenberg_text_before_share":"","sfsi_plus_gutenberg_show_text_before_share":"","sfsi_plus_gutenberg_icon_type":"","sfsi_plus_gutenberg_icon_alignemt":"","sfsi_plus_gutenburg_max_per_row":"","footnotes":""},"categories":[5,10,1],"tags":[16],"class_list":["post-5143","post","type-post","status-publish","format-standard","has-post-thumbnail","hentry","category-ourinhos","category-destaques","category-noticias","tag-ourinhos"],"_links":{"self":[{"href":"https:\/\/noticiasregionais.com.br\/index.php?rest_route=\/wp\/v2\/posts\/5143","targetHints":{"allow":["GET"]}}],"collection":[{"href":"https:\/\/noticiasregionais.com.br\/index.php?rest_route=\/wp\/v2\/posts"}],"about":[{"href":"https:\/\/noticiasregionais.com.br\/index.php?rest_route=\/wp\/v2\/types\/post"}],"author":[{"embeddable":true,"href":"https:\/\/noticiasregionais.com.br\/index.php?rest_route=\/wp\/v2\/users\/1"}],"replies":[{"embeddable":true,"href":"https:\/\/noticiasregionais.com.br\/index.php?rest_route=%2Fwp%2Fv2%2Fcomments&post=5143"}],"version-history":[{"count":1,"href":"https:\/\/noticiasregionais.com.br\/index.php?rest_route=\/wp\/v2\/posts\/5143\/revisions"}],"predecessor-version":[{"id":5146,"href":"https:\/\/noticiasregionais.com.br\/index.php?rest_route=\/wp\/v2\/posts\/5143\/revisions\/5146"}],"wp:featuredmedia":[{"embeddable":true,"href":"https:\/\/noticiasregionais.com.br\/index.php?rest_route=\/wp\/v2\/media\/5145"}],"wp:attachment":[{"href":"https:\/\/noticiasregionais.com.br\/index.php?rest_route=%2Fwp%2Fv2%2Fmedia&parent=5143"}],"wp:term":[{"taxonomy":"category","embeddable":true,"href":"https:\/\/noticiasregionais.com.br\/index.php?rest_route=%2Fwp%2Fv2%2Fcategories&post=5143"},{"taxonomy":"post_tag","embeddable":true,"href":"https:\/\/noticiasregionais.com.br\/index.php?rest_route=%2Fwp%2Fv2%2Ftags&post=5143"}],"curies":[{"name":"wp","href":"https:\/\/api.w.org\/{rel}","templated":true}]}}