{"id":5148,"date":"2025-05-01T10:11:40","date_gmt":"2025-05-01T13:11:40","guid":{"rendered":"https:\/\/noticiasregionais.com.br\/?p=5148"},"modified":"2025-05-01T10:11:43","modified_gmt":"2025-05-01T13:11:43","slug":"policia-prende-casal-por-trafico-de-drogas-em-ocaucu-apos-acao-com-cao-farejador-do-13o-baep","status":"publish","type":"post","link":"https:\/\/noticiasregionais.com.br\/?p=5148","title":{"rendered":"Pol\u00edcia prende casal por tr\u00e1fico de drogas em Ocau\u00e7u ap\u00f3s a\u00e7\u00e3o com c\u00e3o farejador do 13\u00ba BAEP"},"content":{"rendered":"\n<p>Na manh\u00e3 desta quarta-feira (30), uma opera\u00e7\u00e3o conjunta entre a Pol\u00edcia Civil de Ocau\u00e7u e a equipe K9 do 13\u00ba BAEP resultou na pris\u00e3o de um homem e uma mulher por tr\u00e1fico de drogas.<\/p>\n\n\n\n<p>Ap\u00f3s investiga\u00e7\u00e3o em um ponto suspeito, os policiais civis pediram apoio da equipe com c\u00e3es farejadores. O c\u00e3o BRUCE, especializado na detec\u00e7\u00e3o de entorpecentes, indicou a presen\u00e7a de drogas nos fundos de uma resid\u00eancia.<\/p>\n\n\n\n<p>Durante a busca, os agentes encontraram uma sacola com <strong>cinco por\u00e7\u00f5es de maconha<\/strong>, totalizando <strong>122,55g<\/strong>, al\u00e9m de <strong>R$ 10,00 em dinheiro<\/strong>.<\/p>\n\n\n\n<p>Os suspeitos foram levados \u00e0 Delegacia de Ocau\u00e7u, onde o flagrante foi confirmado. Ambos permanecem detidos e est\u00e3o \u00e0 disposi\u00e7\u00e3o da Justi\u00e7a.<\/p>\n\n\n\n<figure class=\"wp-block-gallery has-nested-images columns-default is-cropped wp-block-gallery-1 is-layout-flex wp-block-gallery-is-layout-flex\">\n<figure class=\"wp-block-image size-large\"><img decoding=\"async\" width=\"787\" height=\"1024\" data-id=\"5149\" src=\"https:\/\/noticiasregionais.com.br\/wp-content\/uploads\/2025\/05\/WhatsApp-Image-2025-04-30-at-20.53.231-787x1024.jpeg\" alt=\"\" class=\"wp-image-5149\" srcset=\"https:\/\/noticiasregionais.com.br\/wp-content\/uploads\/2025\/05\/WhatsApp-Image-2025-04-30-at-20.53.231-787x1024.jpeg 787w, https:\/\/noticiasregionais.com.br\/wp-content\/uploads\/2025\/05\/WhatsApp-Image-2025-04-30-at-20.53.231-231x300.jpeg 231w, https:\/\/noticiasregionais.com.br\/wp-content\/uploads\/2025\/05\/WhatsApp-Image-2025-04-30-at-20.53.231-768x999.jpeg 768w, https:\/\/noticiasregionais.com.br\/wp-content\/uploads\/2025\/05\/WhatsApp-Image-2025-04-30-at-20.53.231-1181x1536.jpeg 1181w, https:\/\/noticiasregionais.com.br\/wp-content\/uploads\/2025\/05\/WhatsApp-Image-2025-04-30-at-20.53.231-1574x2048.jpeg 1574w, https:\/\/noticiasregionais.com.br\/wp-content\/uploads\/2025\/05\/WhatsApp-Image-2025-04-30-at-20.53.231.jpeg 1968w\" sizes=\"(max-width: 787px) 100vw, 787px\" \/><\/figure>\n\n\n\n<figure class=\"wp-block-image size-large\"><img decoding=\"async\" width=\"787\" height=\"1024\" data-id=\"5150\" src=\"https:\/\/noticiasregionais.com.br\/wp-content\/uploads\/2025\/05\/WhatsApp-Image-2025-04-30-at-20.53.23-787x1024.jpeg\" alt=\"\" class=\"wp-image-5150\" srcset=\"https:\/\/noticiasregionais.com.br\/wp-content\/uploads\/2025\/05\/WhatsApp-Image-2025-04-30-at-20.53.23-787x1024.jpeg 787w, https:\/\/noticiasregionais.com.br\/wp-content\/uploads\/2025\/05\/WhatsApp-Image-2025-04-30-at-20.53.23-231x300.jpeg 231w, https:\/\/noticiasregionais.com.br\/wp-content\/uploads\/2025\/05\/WhatsApp-Image-2025-04-30-at-20.53.23-768x999.jpeg 768w, https:\/\/noticiasregionais.com.br\/wp-content\/uploads\/2025\/05\/WhatsApp-Image-2025-04-30-at-20.53.23-1181x1536.jpeg 1181w, https:\/\/noticiasregionais.com.br\/wp-content\/uploads\/2025\/05\/WhatsApp-Image-2025-04-30-at-20.53.23-1574x2048.jpeg 1574w, https:\/\/noticiasregionais.com.br\/wp-content\/uploads\/2025\/05\/WhatsApp-Image-2025-04-30-at-20.53.23.jpeg 1968w\" sizes=\"(max-width: 787px) 100vw, 787px\" \/><\/figure>\n<\/figure>\n<input type=\"hidden\" id=\"baseurl\" value=\"https:\/\/noticiasregionais.com.br\"><input type=\"hidden\" id=\"audio_nonce\" value=\"533fbb67b1\">","protected":false},"excerpt":{"rendered":"<p>Na manh\u00e3 desta quarta-feira (30), uma opera\u00e7\u00e3o conjunta entre a Pol\u00edcia Civil de Ocau\u00e7u e a equipe K9 do 13\u00ba&hellip;<\/p>\n","protected":false},"author":1,"featured_media":5151,"comment_status":"closed","ping_status":"open","sticky":false,"template":"","format":"standard","meta":{"sfsi_plus_gutenberg_text_before_share":"","sfsi_plus_gutenberg_show_text_before_share":"","sfsi_plus_gutenberg_icon_type":"","sfsi_plus_gutenberg_icon_alignemt":"","sfsi_plus_gutenburg_max_per_row":"","footnotes":""},"categories":[10,1,6],"tags":[41],"class_list":["post-5148","post","type-post","status-publish","format-standard","has-post-thumbnail","hentry","category-destaques","category-noticias","category-sao_paulo","tag-ocaucu"],"_links":{"self":[{"href":"https:\/\/noticiasregionais.com.br\/index.php?rest_route=\/wp\/v2\/posts\/5148","targetHints":{"allow":["GET"]}}],"collection":[{"href":"https:\/\/noticiasregionais.com.br\/index.php?rest_route=\/wp\/v2\/posts"}],"about":[{"href":"https:\/\/noticiasregionais.com.br\/index.php?rest_route=\/wp\/v2\/types\/post"}],"author":[{"embeddable":true,"href":"https:\/\/noticiasregionais.com.br\/index.php?rest_route=\/wp\/v2\/users\/1"}],"replies":[{"embeddable":true,"href":"https:\/\/noticiasregionais.com.br\/index.php?rest_route=%2Fwp%2Fv2%2Fcomments&post=5148"}],"version-history":[{"count":1,"href":"https:\/\/noticiasregionais.com.br\/index.php?rest_route=\/wp\/v2\/posts\/5148\/revisions"}],"predecessor-version":[{"id":5152,"href":"https:\/\/noticiasregionais.com.br\/index.php?rest_route=\/wp\/v2\/posts\/5148\/revisions\/5152"}],"wp:featuredmedia":[{"embeddable":true,"href":"https:\/\/noticiasregionais.com.br\/index.php?rest_route=\/wp\/v2\/media\/5151"}],"wp:attachment":[{"href":"https:\/\/noticiasregionais.com.br\/index.php?rest_route=%2Fwp%2Fv2%2Fmedia&parent=5148"}],"wp:term":[{"taxonomy":"category","embeddable":true,"href":"https:\/\/noticiasregionais.com.br\/index.php?rest_route=%2Fwp%2Fv2%2Fcategories&post=5148"},{"taxonomy":"post_tag","embeddable":true,"href":"https:\/\/noticiasregionais.com.br\/index.php?rest_route=%2Fwp%2Fv2%2Ftags&post=5148"}],"curies":[{"name":"wp","href":"https:\/\/api.w.org\/{rel}","templated":true}]}}