{"id":515,"date":"2023-09-22T19:49:18","date_gmt":"2023-09-22T22:49:18","guid":{"rendered":"https:\/\/noticiasregionais.com.br\/?p=515"},"modified":"2023-09-22T19:49:18","modified_gmt":"2023-09-22T22:49:18","slug":"rebanho-bovino-alcancou-recorde-historico-em-2022","status":"publish","type":"post","link":"https:\/\/noticiasregionais.com.br\/?p=515","title":{"rendered":"Rebanho bovino alcan\u00e7ou recorde hist\u00f3rico em 2022"},"content":{"rendered":"\n<p>Pelo quarto ano consecutivo, no Brasil, &nbsp;rebanho bovino cresceu e alcan\u00e7ou novo recorde da s\u00e9rie hist\u00f3rica em 2022. A Pesquisa da Pecu\u00e1ria Municipal (PPM), divulgada pelo IBGE, mostra n\u00fameros favor\u00e1veis para o setor. O n\u00famero de cabe\u00e7as alcan\u00e7ou 234,4 milh\u00f5es. Um crescimento de 4,3%. A analista da PPM, Mariana Oliveira, explica que a exporta\u00e7\u00e3o de produtos pecu\u00e1rios, sobretudo as carnes, foi a alternativa adotada para o escoamento da produ\u00e7\u00e3o, em consequ\u00eancia da demanda interna enfraquecida e do menor poder de compra por parte da popula\u00e7\u00e3o.<\/p>\n\n\n\n<p>\u201cTivemos em 2022, na realidade, nos \u00faltimos anos tamb\u00e9m, demanda e mercado para exporta\u00e7\u00e3o de carne \u2014&nbsp;o que poderia ser associado aos aumentos recordes dos efetivos animais\u201d, avalia.<\/p>\n\n\n\n<p>Para o analista e consultor de SAFRAS &amp; MERCADO, Fernando Iglesias, 2022 refletiu o tamanho dessa produ\u00e7\u00e3o que contribuiu para o crescimento do rebanho. \u201cA expans\u00e3o do rebanho brasileiro est\u00e1 muito atrelada aos bons pre\u00e7os que n\u00f3s tivemos em 2019, 2020, 2021, que realmente estimularam os produtores brasileiros, suinocultores, avicultores e bovinocultores a colocar muito dinheiro na atividade\u201d<\/p>\n\n\n\n<p>Segundo a pesquisa, o aumento foi registrado em todas as grandes regi\u00f5es. Mato Grosso lidera a lista com 34,2 milh\u00f5es de cabe\u00e7as, ou 14,6% do efetivo nacional. Logo em seguida aparece o Par\u00e1 (10,6%) ultrapassando Goi\u00e1s (10,4%). J\u00e1 no <em>ranking <\/em>municipal, S\u00e3o F\u00e9lix do Xingu (PA) manteve destaque, alcan\u00e7ando 2,5 milh\u00f5es de cabe\u00e7as.<\/p>\n\n\n\n<p>O rebanho de su\u00ednos cresceu 4,3% em 2022, chegando ao recorde de 44,4 milh\u00f5es de animais. A regi\u00e3o Sul re\u00fane 51,9% desse total. O efetivo nacional de galinhas em 2022 chegou a 259,5 milh\u00f5es e o Sudeste foi respons\u00e1vel por 35,1%. A produ\u00e7\u00e3o nacional de peixes atingiu novo recorde de 617,3 mil toneladas. A atividade segue trazendo bons resultados, com destaque para a produ\u00e7\u00e3o de til\u00e1pia, que representou 66,1% do total de peixes produzidos. A cria\u00e7\u00e3o de camar\u00e3o apresentou crescimento de 113,3 mil toneladas, com alta de 5,9% frente ao ano anterior.&nbsp;<\/p>\n\n\n\n<p>Os produtos pecu\u00e1rios tamb\u00e9m ganharam destaque com aumento de R$116,3 bilh\u00f5es no valor de produ\u00e7\u00e3o. Isso mostra um crescimento de 17,5%. O leite foi o produto que teve o maior aumento totalizando 68,8% desse valor. Na sequ\u00eancia, veio a produ\u00e7\u00e3o de ovos de galinha (22,4%).&nbsp;<\/p>\n\n\n\n<p>Considerando os seis principais produtos (leite, ovos de galinha, ovos de codorna, mel, l\u00e3 e casulos de bicho-da-seda), o<em> ranking<\/em> municipal trouxe Santa Maria de Jetib\u00e1 (ES) com o maior valor da produ\u00e7\u00e3o, somando R$ 1,6 bilh\u00e3o, dos quais 95,0% s\u00e3o provenientes da venda de ovos de galinha, produto no qual lidera o<em> ranking<\/em>. Castro (PR) assumiu a segunda posi\u00e7\u00e3o com R$ 1,2 bilh\u00e3o, 98,7% proveniente da produ\u00e7\u00e3o de leite. Bastos (SP) est\u00e1 em terceiro lugar, sendo o segundo maior produtor nacional de ovos de galinha.<\/p>\n\n\n\n<h2 class=\"wp-block-heading\">Perspectivas<\/h2>\n\n\n\n<p>Apesar do bom resultado e de um cen\u00e1rio positivo, o analista e consultor de SAFRAS &amp; MERCADO, Fernando Iglesias, acredita que 2023 n\u00e3o ser\u00e1 t\u00e3o generoso com rela\u00e7\u00e3o aos pre\u00e7os no setor.<\/p>\n\n\n\n<p>\u201cAs margens ficaram um pouquinho mais apertadas, e o investimento tamb\u00e9m diminuiu. Com o investimento menor, a expectativa que n\u00f3s temos \u00e9 que basicamente haja uma situa\u00e7\u00e3o um pouquinho diferente para os pr\u00f3ximos anos, principalmente em fun\u00e7\u00e3o do descarte de matrizes. Ent\u00e3o a expectativa \u00e9 de um encolhimento do rebanho para 2024\u201d, estima.<\/p>\n\n\n\n<p>A analista da PPM, Mariana Oliveira, ainda acrescenta: \u201cO cen\u00e1rio, principalmente, tem se mostrado desafiador, com altos custos de produ\u00e7\u00e3o e margem do produtor limitada, fazendo assim com que a migra\u00e7\u00e3o para outras atividades, como produ\u00e7\u00e3o de gr\u00e3os, pare\u00e7a mais atrativa\u201d, observa.<\/p>\n\n\n\n<p>A produ\u00e7\u00e3o de leite teve uma redu\u00e7\u00e3o de 1,6% com aproximadamente 34,6 bilh\u00f5es de litros em 2022. Ela tem sido decrescente desde 2020, quando alcan\u00e7ou o recorde da s\u00e9rie (35,3 bilh\u00f5es de litros). Conforme o levantamento, a alta dos custos e a redu\u00e7\u00e3o das margens t\u00eam desestimulado a produ\u00e7\u00e3o. O n\u00famero de vacas ordenhadas tamb\u00e9m mostrou queda de 1% e representou 6,7% do efetivo total de bovinos em 2022, o que pode indicar desinvestimento na produ\u00e7\u00e3o de leite.<\/p>\n\n\n\n<p>\u201cObservamos que produtores est\u00e3o migrando ou arrendando terras para a produ\u00e7\u00e3o de gr\u00e3os, como a soja, estimulados pelas altas nos pre\u00e7os dos gr\u00e3os nos \u00faltimos anos\u201d, ressalta Mariana Oliveira.<\/p>\n\n\n\n<p>A regi\u00e3o Sul manteve a lideran\u00e7a reconquistada em 2021, com uma participa\u00e7\u00e3o de 33,8%, seguido de perto pelo Sudeste com 33,6%. O Nordeste, terceiro maior produtor nacional (16,5%) desde 2017, vem aumentando sua produ\u00e7\u00e3o. Esse crescimento \u00e9 fruto, principalmente, das condi\u00e7\u00f5es clim\u00e1ticas favor\u00e1veis na regi\u00e3o nos \u00faltimos anos e de investimentos em gen\u00e9tica e tecnologia.&nbsp;<\/p>\n\n\n\n<p>Fonte: <a href=\"https:\/\/brasil61.com\/n\/rebanho-bovino-alcancou-recorde-historico-em-2022-bras239639\" target=\"_blank\" rel=\"noreferrer noopener\">Brasil 61<\/a><\/p>\n<input type=\"hidden\" id=\"baseurl\" value=\"https:\/\/noticiasregionais.com.br\"><input type=\"hidden\" id=\"audio_nonce\" value=\"533fbb67b1\">","protected":false},"excerpt":{"rendered":"<p>Pelo quarto ano consecutivo, no Brasil, &nbsp;rebanho bovino cresceu e alcan\u00e7ou novo recorde da s\u00e9rie hist\u00f3rica em 2022. A Pesquisa&hellip;<\/p>\n","protected":false},"author":1,"featured_media":517,"comment_status":"closed","ping_status":"open","sticky":false,"template":"","format":"standard","meta":{"sfsi_plus_gutenberg_text_before_share":"","sfsi_plus_gutenberg_show_text_before_share":"","sfsi_plus_gutenberg_icon_type":"","sfsi_plus_gutenberg_icon_alignemt":"","sfsi_plus_gutenburg_max_per_row":"","footnotes":""},"categories":[8,10,1],"tags":[],"class_list":["post-515","post","type-post","status-publish","format-standard","has-post-thumbnail","hentry","category-brasil","category-destaques","category-noticias"],"_links":{"self":[{"href":"https:\/\/noticiasregionais.com.br\/index.php?rest_route=\/wp\/v2\/posts\/515","targetHints":{"allow":["GET"]}}],"collection":[{"href":"https:\/\/noticiasregionais.com.br\/index.php?rest_route=\/wp\/v2\/posts"}],"about":[{"href":"https:\/\/noticiasregionais.com.br\/index.php?rest_route=\/wp\/v2\/types\/post"}],"author":[{"embeddable":true,"href":"https:\/\/noticiasregionais.com.br\/index.php?rest_route=\/wp\/v2\/users\/1"}],"replies":[{"embeddable":true,"href":"https:\/\/noticiasregionais.com.br\/index.php?rest_route=%2Fwp%2Fv2%2Fcomments&post=515"}],"version-history":[{"count":1,"href":"https:\/\/noticiasregionais.com.br\/index.php?rest_route=\/wp\/v2\/posts\/515\/revisions"}],"predecessor-version":[{"id":518,"href":"https:\/\/noticiasregionais.com.br\/index.php?rest_route=\/wp\/v2\/posts\/515\/revisions\/518"}],"wp:featuredmedia":[{"embeddable":true,"href":"https:\/\/noticiasregionais.com.br\/index.php?rest_route=\/wp\/v2\/media\/517"}],"wp:attachment":[{"href":"https:\/\/noticiasregionais.com.br\/index.php?rest_route=%2Fwp%2Fv2%2Fmedia&parent=515"}],"wp:term":[{"taxonomy":"category","embeddable":true,"href":"https:\/\/noticiasregionais.com.br\/index.php?rest_route=%2Fwp%2Fv2%2Fcategories&post=515"},{"taxonomy":"post_tag","embeddable":true,"href":"https:\/\/noticiasregionais.com.br\/index.php?rest_route=%2Fwp%2Fv2%2Ftags&post=515"}],"curies":[{"name":"wp","href":"https:\/\/api.w.org\/{rel}","templated":true}]}}