{"id":5153,"date":"2025-05-01T11:05:35","date_gmt":"2025-05-01T14:05:35","guid":{"rendered":"https:\/\/noticiasregionais.com.br\/?p=5153"},"modified":"2025-05-01T11:05:37","modified_gmt":"2025-05-01T14:05:37","slug":"fapi-2025-camara-cobra-transparencia-e-infraestrutura-ace-e-confirmada-como-organizadora","status":"publish","type":"post","link":"https:\/\/noticiasregionais.com.br\/?p=5153","title":{"rendered":"FAPI 2025 &#8211; C\u00e2mara cobra transpar\u00eancia e infraestrutura. ACE \u00e9 confirmada como organizadora"},"content":{"rendered":"\n<p>A tradicional <strong>Feira Agropecu\u00e1ria e Industrial de Ourinhos (FAPI)<\/strong>, um dos maiores eventos do g\u00eanero no interior paulista, voltou ao centro dos debates na C\u00e2mara Municipal. Na pauta da <strong>14\u00aa Sess\u00e3o Ordin\u00e1ria<\/strong>, marcada para o dia <strong>5 de maio de 2025<\/strong>, vereadores apresentaram requerimentos cobrando <strong>transpar\u00eancia nos gastos e melhorias na estrutura<\/strong> do evento, que ser\u00e1 realizado entre os dias <strong>11 e 15 de junho<\/strong> deste ano.<\/p>\n\n\n\n<p>O <strong>vereador C\u00edcero de Aquino (C\u00edcero Investigador)<\/strong> protocolou o <strong>Requerimento n\u00ba 780\/2025<\/strong>, solicitando \u00e0 Administra\u00e7\u00e3o Municipal <strong>informa\u00e7\u00f5es detalhadas sobre os valores, origem dos recursos e estimativas de despesas<\/strong> previstas para a realiza\u00e7\u00e3o da FAPI 2025. J\u00e1 a <strong>vereadora Raquel Borges Spada (Raquel Spada)<\/strong>, no <strong>Requerimento n\u00ba 785\/2025<\/strong>, requer <strong>reformas nos banheiros do recinto<\/strong>, destacando a urg\u00eancia em oferecer infraestrutura b\u00e1sica adequada para o p\u00fablico.<\/p>\n\n\n\n<h3 class=\"wp-block-heading\">ACE CONFIRMADA COMO ORGANIZADORA<\/h3>\n\n\n\n<p>Paralelamente \u00e0 movimenta\u00e7\u00e3o legislativa, a <strong>Associa\u00e7\u00e3o Comercial e Empresarial de Ourinhos (ACE)<\/strong> foi <strong>oficialmente credenciada<\/strong> pela Prefeitura para organizar a 56\u00aa edi\u00e7\u00e3o da feira. A defini\u00e7\u00e3o ocorreu no dia <strong>25 de abril<\/strong>, durante sess\u00e3o da Comiss\u00e3o de Sele\u00e7\u00e3o de Propostas, com base no Procedimento de Manifesta\u00e7\u00e3o de Interesse.<\/p>\n\n\n\n<p>Tr\u00eas institui\u00e7\u00f5es haviam manifestado inten\u00e7\u00e3o de organizar a feira: a pr\u00f3pria ACE, a empresa <strong>TOP3 Gest\u00e3o de Neg\u00f3cios LTDA<\/strong> e a <strong>Associa\u00e7\u00e3o de Eventos Culturais de Jacarezinho (PR)<\/strong>. Esta \u00faltima <strong>desistiu da proposta<\/strong> um dia antes da sess\u00e3o, alegando <strong>prazo insuficiente<\/strong> para estruturar o evento. J\u00e1 a <strong>TOP3 foi desclassificada<\/strong> por n\u00e3o atender aos crit\u00e9rios do edital, incluindo a <strong>natureza jur\u00eddica inadequada<\/strong> e <strong>aus\u00eancia de documentos obrigat\u00f3rios<\/strong>.<\/p>\n\n\n\n<h3 class=\"wp-block-heading\">QUESTIONAMENTOS SOBRE GEST\u00d5ES ANTERIORES<\/h3>\n\n\n\n<p>As novas cobran\u00e7as ganham relev\u00e2ncia ap\u00f3s anos de <strong>cr\u00edticas \u00e0 condu\u00e7\u00e3o da FAPI durante a gest\u00e3o do ex-prefeito Lucas Pocay<\/strong>, quando o evento foi terceirizado a entidades de fora de Ourinhos e <strong>a C\u00e2mara Municipal ignorou sucessivos pedidos de presta\u00e7\u00e3o de contas<\/strong>. A falta de transpar\u00eancia e o distanciamento do poder p\u00fablico levantaram d\u00favidas sobre o destino dos recursos arrecadados e o papel da feira no desenvolvimento local.<\/p>\n\n\n\n<p>Agora, com a <strong>ACE \u00e0 frente da organiza\u00e7\u00e3o<\/strong>, a expectativa \u00e9 de que a feira recupere seu papel estrat\u00e9gico na economia da cidade, com <strong>maior participa\u00e7\u00e3o local, valoriza\u00e7\u00e3o dos produtores regionais e responsabilidade na aplica\u00e7\u00e3o dos recursos p\u00fablicos<\/strong>.<\/p>\n\n\n\n<h3 class=\"wp-block-heading\">O QUE ESPERA A POPULA\u00c7\u00c3O<\/h3>\n\n\n\n<p>Apesar das movimenta\u00e7\u00f5es positivas, <strong>parte da popula\u00e7\u00e3o ourinhense v\u00ea com ceticismo o s\u00fabito interesse da C\u00e2mara no evento<\/strong>. Para muitos, \u00e9 importante que <strong>as a\u00e7\u00f5es do Legislativo tenham motiva\u00e7\u00e3o leg\u00edtima e compromisso verdadeiro com o bem p\u00fablico<\/strong>, e <strong>n\u00e3o sirvam apenas como forma de marcar territ\u00f3rio pol\u00edtico<\/strong> ou enviar recados ao Executivo.<\/p>\n\n\n\n<blockquote class=\"wp-block-quote is-layout-flow wp-block-quote-is-layout-flow\">\n<p>\u201cO que o povo espera \u00e9 um interesse real, cont\u00ednuo e transparente. N\u00e3o adianta aparecer s\u00f3 quando h\u00e1 visibilidade ou quando o Legislativo quer mostrar que pode incomodar se n\u00e3o for ouvido\u201d, comentou um comerciante local que j\u00e1 participou de edi\u00e7\u00f5es anteriores da feira.<\/p>\n<\/blockquote>\n\n\n\n<p>Esse ponto de vista reflete um <strong>desejo coletivo por uma atua\u00e7\u00e3o mais colaborativa e propositiva entre os poderes<\/strong>, para que a FAPI volte a ser um <strong>s\u00edmbolo de orgulho, desenvolvimento e uni\u00e3o da cidade de Ourinhos<\/strong>.<\/p>\n<input type=\"hidden\" id=\"baseurl\" value=\"https:\/\/noticiasregionais.com.br\"><input type=\"hidden\" id=\"audio_nonce\" value=\"533fbb67b1\">","protected":false},"excerpt":{"rendered":"<p>A tradicional Feira Agropecu\u00e1ria e Industrial de Ourinhos (FAPI), um dos maiores eventos do g\u00eanero no interior paulista, voltou ao&hellip;<\/p>\n","protected":false},"author":1,"featured_media":5154,"comment_status":"closed","ping_status":"open","sticky":false,"template":"","format":"standard","meta":{"sfsi_plus_gutenberg_text_before_share":"","sfsi_plus_gutenberg_show_text_before_share":"","sfsi_plus_gutenberg_icon_type":"","sfsi_plus_gutenberg_icon_alignemt":"","sfsi_plus_gutenburg_max_per_row":"","footnotes":""},"categories":[5,12,1],"tags":[45,16],"class_list":["post-5153","post","type-post","status-publish","format-standard","has-post-thumbnail","hentry","category-ourinhos","category-capa","category-noticias","tag-fapi","tag-ourinhos"],"_links":{"self":[{"href":"https:\/\/noticiasregionais.com.br\/index.php?rest_route=\/wp\/v2\/posts\/5153","targetHints":{"allow":["GET"]}}],"collection":[{"href":"https:\/\/noticiasregionais.com.br\/index.php?rest_route=\/wp\/v2\/posts"}],"about":[{"href":"https:\/\/noticiasregionais.com.br\/index.php?rest_route=\/wp\/v2\/types\/post"}],"author":[{"embeddable":true,"href":"https:\/\/noticiasregionais.com.br\/index.php?rest_route=\/wp\/v2\/users\/1"}],"replies":[{"embeddable":true,"href":"https:\/\/noticiasregionais.com.br\/index.php?rest_route=%2Fwp%2Fv2%2Fcomments&post=5153"}],"version-history":[{"count":1,"href":"https:\/\/noticiasregionais.com.br\/index.php?rest_route=\/wp\/v2\/posts\/5153\/revisions"}],"predecessor-version":[{"id":5155,"href":"https:\/\/noticiasregionais.com.br\/index.php?rest_route=\/wp\/v2\/posts\/5153\/revisions\/5155"}],"wp:featuredmedia":[{"embeddable":true,"href":"https:\/\/noticiasregionais.com.br\/index.php?rest_route=\/wp\/v2\/media\/5154"}],"wp:attachment":[{"href":"https:\/\/noticiasregionais.com.br\/index.php?rest_route=%2Fwp%2Fv2%2Fmedia&parent=5153"}],"wp:term":[{"taxonomy":"category","embeddable":true,"href":"https:\/\/noticiasregionais.com.br\/index.php?rest_route=%2Fwp%2Fv2%2Fcategories&post=5153"},{"taxonomy":"post_tag","embeddable":true,"href":"https:\/\/noticiasregionais.com.br\/index.php?rest_route=%2Fwp%2Fv2%2Ftags&post=5153"}],"curies":[{"name":"wp","href":"https:\/\/api.w.org\/{rel}","templated":true}]}}