{"id":5156,"date":"2025-05-02T08:58:46","date_gmt":"2025-05-02T11:58:46","guid":{"rendered":"https:\/\/noticiasregionais.com.br\/?p=5156"},"modified":"2025-05-02T08:58:48","modified_gmt":"2025-05-02T11:58:48","slug":"governo-anula-cronograma-de-emendas-parlamentares-e-promete-novo-calendario","status":"publish","type":"post","link":"https:\/\/noticiasregionais.com.br\/?p=5156","title":{"rendered":"Governo anula cronograma de emendas parlamentares e promete novo calend\u00e1rio"},"content":{"rendered":"\n<h4 class=\"wp-block-heading has-text-align-center\">Novas instru\u00e7\u00f5es ser\u00e3o divulgadas em breve, informa Minist\u00e9rio da Gest\u00e3o<\/h4>\n\n\n\n<p>O governo federal anulou os cronogramas para execu\u00e7\u00e3o de emendas parlamentares previstas para 2025. A decis\u00e3o foi publicada nesta semana por meio do <strong>Comunicado n\u00ba 10\/2025<\/strong>, dispon\u00edvel no <strong>portal TransfereGov<\/strong>, que centraliza os repasses federais.<\/p>\n\n\n\n<p>Com a mudan\u00e7a, perdem validade os <strong>Comunicados n\u00ba 8 e n\u00ba 9\/2025<\/strong>, que traziam os prazos para a libera\u00e7\u00e3o de:<\/p>\n\n\n\n<ul class=\"wp-block-list\">\n<li>Emendas individuais com destino certo (RP 6)<\/li>\n\n\n\n<li>Emendas de bancada (RP 7)<\/li>\n\n\n\n<li>Emendas de comiss\u00e3o (RP 8)<\/li>\n<\/ul>\n\n\n\n<p>Todas fazem parte do <strong>Or\u00e7amento Geral da Uni\u00e3o<\/strong> para o pr\u00f3ximo ano.<\/p>\n\n\n\n<h4 class=\"wp-block-heading\">Novo cronograma a caminho<\/h4>\n\n\n\n<p>O <strong>Minist\u00e9rio da Gest\u00e3o e da Inova\u00e7\u00e3o em Servi\u00e7os P\u00fablicos<\/strong> informou que divulgar\u00e1 em breve <strong>novos prazos e instru\u00e7\u00f5es<\/strong>, al\u00e9m de um <strong>calend\u00e1rio atualizado<\/strong> para orientar os gestores p\u00fablicos sobre os pr\u00f3ximos passos.<\/p>\n\n\n\n<h4 class=\"wp-block-heading\">Aten\u00e7\u00e3o redobrada dos munic\u00edpios<\/h4>\n\n\n\n<p>A <strong>Confedera\u00e7\u00e3o Nacional de Munic\u00edpios (CNM)<\/strong> refor\u00e7a a import\u00e2ncia deste momento para os mais de <strong>5 mil munic\u00edpios brasileiros<\/strong>. A entidade recomenda que prefeitos e equipes t\u00e9cnicas:<\/p>\n\n\n\n<ul class=\"wp-block-list\">\n<li>Acompanhem com frequ\u00eancia as atualiza\u00e7\u00f5es no <strong>TransfereGov<\/strong><\/li>\n\n\n\n<li>Mantenham di\u00e1logo cont\u00ednuo com parlamentares respons\u00e1veis pelas emendas<\/li>\n<\/ul>\n\n\n\n<p>A CNM destaca que a <strong>atua\u00e7\u00e3o ativa dos gestores<\/strong> pode ser decisiva para garantir que as <strong>demandas locais sejam contempladas<\/strong> no or\u00e7amento federal.<\/p>\n<input type=\"hidden\" id=\"baseurl\" value=\"https:\/\/noticiasregionais.com.br\"><input type=\"hidden\" id=\"audio_nonce\" value=\"d7ad76df66\">","protected":false},"excerpt":{"rendered":"<p>Novas instru\u00e7\u00f5es ser\u00e3o divulgadas em breve, informa Minist\u00e9rio da Gest\u00e3o O governo federal anulou os cronogramas para execu\u00e7\u00e3o de emendas&hellip;<\/p>\n","protected":false},"author":1,"featured_media":5157,"comment_status":"closed","ping_status":"open","sticky":false,"template":"","format":"standard","meta":{"sfsi_plus_gutenberg_text_before_share":"","sfsi_plus_gutenberg_show_text_before_share":"","sfsi_plus_gutenberg_icon_type":"","sfsi_plus_gutenberg_icon_alignemt":"","sfsi_plus_gutenburg_max_per_row":"","footnotes":""},"categories":[8,10,1],"tags":[],"class_list":["post-5156","post","type-post","status-publish","format-standard","has-post-thumbnail","hentry","category-brasil","category-destaques","category-noticias"],"_links":{"self":[{"href":"https:\/\/noticiasregionais.com.br\/index.php?rest_route=\/wp\/v2\/posts\/5156","targetHints":{"allow":["GET"]}}],"collection":[{"href":"https:\/\/noticiasregionais.com.br\/index.php?rest_route=\/wp\/v2\/posts"}],"about":[{"href":"https:\/\/noticiasregionais.com.br\/index.php?rest_route=\/wp\/v2\/types\/post"}],"author":[{"embeddable":true,"href":"https:\/\/noticiasregionais.com.br\/index.php?rest_route=\/wp\/v2\/users\/1"}],"replies":[{"embeddable":true,"href":"https:\/\/noticiasregionais.com.br\/index.php?rest_route=%2Fwp%2Fv2%2Fcomments&post=5156"}],"version-history":[{"count":1,"href":"https:\/\/noticiasregionais.com.br\/index.php?rest_route=\/wp\/v2\/posts\/5156\/revisions"}],"predecessor-version":[{"id":5158,"href":"https:\/\/noticiasregionais.com.br\/index.php?rest_route=\/wp\/v2\/posts\/5156\/revisions\/5158"}],"wp:featuredmedia":[{"embeddable":true,"href":"https:\/\/noticiasregionais.com.br\/index.php?rest_route=\/wp\/v2\/media\/5157"}],"wp:attachment":[{"href":"https:\/\/noticiasregionais.com.br\/index.php?rest_route=%2Fwp%2Fv2%2Fmedia&parent=5156"}],"wp:term":[{"taxonomy":"category","embeddable":true,"href":"https:\/\/noticiasregionais.com.br\/index.php?rest_route=%2Fwp%2Fv2%2Fcategories&post=5156"},{"taxonomy":"post_tag","embeddable":true,"href":"https:\/\/noticiasregionais.com.br\/index.php?rest_route=%2Fwp%2Fv2%2Ftags&post=5156"}],"curies":[{"name":"wp","href":"https:\/\/api.w.org\/{rel}","templated":true}]}}