{"id":5159,"date":"2025-05-02T10:10:19","date_gmt":"2025-05-02T13:10:19","guid":{"rendered":"https:\/\/noticiasregionais.com.br\/?p=5159"},"modified":"2025-05-02T10:10:24","modified_gmt":"2025-05-02T13:10:24","slug":"foragido-com-2-mandados-e-recapturado-em-santo-antonio-elemento-provocou-acidente-e-tinha-consigo-drogas","status":"publish","type":"post","link":"https:\/\/noticiasregionais.com.br\/?p=5159","title":{"rendered":"Foragido com 2 mandados \u00e9 recapturado em Santo Ant\u00f4nio. Elemento provocou acidente e tinha consigo drogas"},"content":{"rendered":"\n<p>Uma a\u00e7\u00e3o da Pol\u00edcia Militar do Paran\u00e1 (PMPR), atrav\u00e9s do 2\u00ba Batalh\u00e3o, resultou na recaptura de um homem foragido da justi\u00e7a e na apreens\u00e3o de drogas na tarde de 30 de abril de 2025. A opera\u00e7\u00e3o ocorreu na Rua Benedito L\u00facio Machado, bairro Vila Claro.<\/p>\n\n\n\n<p>O indiv\u00edduo possu\u00eda <strong>dois mandados de pris\u00e3o em aberto<\/strong> por crimes de <strong>desobedi\u00eancia e tr\u00e1fico de drogas<\/strong>. Ele estava foragido do Centro de Reintegra\u00e7\u00e3o Social de Londrina (CRESLON) desde 19 de mar\u00e7o de 2025. Investiga\u00e7\u00f5es indicavam que o foragido j\u00e1 estava atuando no tr\u00e1fico de drogas em Santo Ant\u00f4nio da Platina.<\/p>\n\n\n\n<p>A pris\u00e3o aconteceu durante a <strong>Opera\u00e7\u00e3o Liberdade Condicionada<\/strong>, ap\u00f3s dias de monitoramento em locais suspeitos. Por volta das 12h20, as equipes policiais identificaram o homem conduzindo um ve\u00edculo GM\/Celta prata. Ao tentar realizar a abordagem, o suspeito tentou fugir em alta velocidade, dando in\u00edcio a um acompanhamento t\u00e1tico.<\/p>\n\n\n\n<p>Na fuga, o foragido <strong>atropelou um motociclista<\/strong>, abandonou o carro e tentou escapar correndo a p\u00e9, mas foi alcan\u00e7ado e detido pelos policiais militares.<\/p>\n\n\n\n<p>Durante a a\u00e7\u00e3o, foram apreendidos <strong>dois celulares e R$ 300 em dinheiro<\/strong>. Com o aux\u00edlio do <strong>c\u00e3o farejador Drak<\/strong>, da equipe de Opera\u00e7\u00e3o com C\u00e3es do 2\u00ba BPM, a pol\u00edcia localizou por\u00e7\u00f5es de <strong>maconha e coca\u00edna<\/strong> dentro do ve\u00edculo.<\/p>\n\n\n\n<p>O detido e todo o material apreendido foram encaminhados para a Delegacia de Pol\u00edcia local para as provid\u00eancias cab\u00edveis.<\/p>\n\n\n\n<p>O motociclista atropelado sofreu <strong>ferimentos graves<\/strong> e foi socorrido pelo SIATE do Corpo de Bombeiros, sendo encaminhado ao hospital da regi\u00e3o.<\/p>\n\n\n\n<p>A Pol\u00edcia Militar do Paran\u00e1 refor\u00e7a seu compromisso com a seguran\u00e7a da popula\u00e7\u00e3o e a intensifica\u00e7\u00e3o do combate ao crime em todo o estado.<\/p>\n\n\n\n<figure class=\"wp-block-embed is-type-video is-provider-youtube wp-block-embed-youtube wp-embed-aspect-16-9 wp-has-aspect-ratio\"><div class=\"wp-block-embed__wrapper\">\n<iframe loading=\"lazy\" title=\"Foragido recapturado em Santo Ant\u00f4nio\" width=\"640\" height=\"360\" src=\"https:\/\/www.youtube.com\/embed\/2Rqhcsg4nao?feature=oembed\" frameborder=\"0\" allow=\"accelerometer; autoplay; clipboard-write; encrypted-media; gyroscope; picture-in-picture; web-share\" referrerpolicy=\"strict-origin-when-cross-origin\" allowfullscreen><\/iframe>\n<\/div><\/figure>\n<input type=\"hidden\" id=\"baseurl\" value=\"https:\/\/noticiasregionais.com.br\"><input type=\"hidden\" id=\"audio_nonce\" value=\"533fbb67b1\">","protected":false},"excerpt":{"rendered":"<p>Uma a\u00e7\u00e3o da Pol\u00edcia Militar do Paran\u00e1 (PMPR), atrav\u00e9s do 2\u00ba Batalh\u00e3o, resultou na recaptura de um homem foragido da&hellip;<\/p>\n","protected":false},"author":1,"featured_media":5160,"comment_status":"closed","ping_status":"open","sticky":false,"template":"","format":"standard","meta":{"sfsi_plus_gutenberg_text_before_share":"","sfsi_plus_gutenberg_show_text_before_share":"","sfsi_plus_gutenberg_icon_type":"","sfsi_plus_gutenberg_icon_alignemt":"","sfsi_plus_gutenburg_max_per_row":"","footnotes":""},"categories":[7,10,1],"tags":[],"class_list":["post-5159","post","type-post","status-publish","format-standard","has-post-thumbnail","hentry","category-parana","category-destaques","category-noticias"],"_links":{"self":[{"href":"https:\/\/noticiasregionais.com.br\/index.php?rest_route=\/wp\/v2\/posts\/5159","targetHints":{"allow":["GET"]}}],"collection":[{"href":"https:\/\/noticiasregionais.com.br\/index.php?rest_route=\/wp\/v2\/posts"}],"about":[{"href":"https:\/\/noticiasregionais.com.br\/index.php?rest_route=\/wp\/v2\/types\/post"}],"author":[{"embeddable":true,"href":"https:\/\/noticiasregionais.com.br\/index.php?rest_route=\/wp\/v2\/users\/1"}],"replies":[{"embeddable":true,"href":"https:\/\/noticiasregionais.com.br\/index.php?rest_route=%2Fwp%2Fv2%2Fcomments&post=5159"}],"version-history":[{"count":1,"href":"https:\/\/noticiasregionais.com.br\/index.php?rest_route=\/wp\/v2\/posts\/5159\/revisions"}],"predecessor-version":[{"id":5161,"href":"https:\/\/noticiasregionais.com.br\/index.php?rest_route=\/wp\/v2\/posts\/5159\/revisions\/5161"}],"wp:featuredmedia":[{"embeddable":true,"href":"https:\/\/noticiasregionais.com.br\/index.php?rest_route=\/wp\/v2\/media\/5160"}],"wp:attachment":[{"href":"https:\/\/noticiasregionais.com.br\/index.php?rest_route=%2Fwp%2Fv2%2Fmedia&parent=5159"}],"wp:term":[{"taxonomy":"category","embeddable":true,"href":"https:\/\/noticiasregionais.com.br\/index.php?rest_route=%2Fwp%2Fv2%2Fcategories&post=5159"},{"taxonomy":"post_tag","embeddable":true,"href":"https:\/\/noticiasregionais.com.br\/index.php?rest_route=%2Fwp%2Fv2%2Ftags&post=5159"}],"curies":[{"name":"wp","href":"https:\/\/api.w.org\/{rel}","templated":true}]}}